{"id":804,"date":"2023-07-06T23:26:16","date_gmt":"2023-07-06T23:26:16","guid":{"rendered":"https:\/\/vidapublicarevista.com\/?p=804"},"modified":"2023-07-06T23:26:16","modified_gmt":"2023-07-06T23:26:16","slug":"al-pueblo-pan-y-circo","status":"publish","type":"post","link":"https:\/\/vidapublicarevista.com\/index.php\/2023\/07\/06\/al-pueblo-pan-y-circo\/","title":{"rendered":"Al pueblo pan y circo"},"content":{"rendered":"\n<p class=\"has-medium-font-size\">Por: <b><strong>Adri\u00e1n Espinosa de los Monteros<\/strong><\/b>.<\/p>\n\n\n\n<p>La Secretar\u00eda de Econom\u00eda del Estado de Sinaloa se ha estado enfocando excesivamente en promover eventos que no tienen un valor sustancial o un fondo real para la productividad de la vida econ\u00f3mica en Sinaloa. Dicha secretar\u00eda encabezada por Javier Gaxiola Coppel se ha empe\u00f1ado fuertemente en eventos de lo que se conoce como influencer marketing.<\/p>\n\n\n\n<p>Hace unas semanas se realiz\u00f3 el Summit de Industrias Creativas, como fue bautizado, en el que se reuni\u00f3 a diversas personalidades del internet para que contaran sus experiencias con las redes sociales y c\u00f3mo se han logrado hacer camino en dicha \u00e1rea. Dir\u00e1n algunos que es el signo de los tiempos, que son las nuevas revoluciones digitales las que dicha secretar\u00eda est\u00e1 tratando de impulsar y bueno, tendr\u00e1n algo de raz\u00f3n. Que se me tache de anticuado es algo que estoy dispuesto a aceptar.<\/p>\n\n\n\n<p>Resulta curioso determinar qu\u00e9 se considera creativo y qu\u00e9 no. Y si los participantes de dicho foro efectivamente son creativos. Los invitados entran en la categor\u00eda, la mayor\u00eda, de lo que se le conoce coloquialmente como\u00a0<em>youtubers<\/em>, o creadores de contenido, como ellos mismos se auto-nombran. Est\u00e1 bien, si por creatividad se entiende generar una audiencia a trav\u00e9s de contenido altamente desechable,\u00a0<em>be my guest<\/em>. Habr\u00e1 que recordar que estas personalidades basan su crecimiento y su monetizaci\u00f3n por medio de colaboraciones pagadas con distintas marcas, esa es una de la base del influencer marketing.<\/p>\n\n\n\n<p>Por otro lado, se han llevado a cabo foros para promover un emprendedurismo con una pinta altamente meritocr\u00e1tica, invitando a&nbsp;<em>speakers<\/em>,&nbsp;<em>coaches<\/em>&nbsp;y dem\u00e1s&nbsp;<em>gurus<\/em>&nbsp;de \u00edndole new age que d\u00edficilmente se hubieran abierto camino de no ser por las redes sociales. En dichos foros lo que abundan son las frases hechas y clich\u00e9s t\u00edpicos del emprendedurismo t\u00f3xico mexicano. \u201cEl l\u00edder es el responsable de sumar esfuerzos hacia un objetivo com\u00fan\u201d rezaba en una diapositiva de uno de los conferencistas. Este tipo de foros con tintes motivacionales tienen A\u00d1OS haci\u00e9ndose en Culiac\u00e1n y aportan poco o nada, porque, otra vez, ignoran las variables actuales de la econom\u00eda y las circunstancias del contexto socioecon\u00f3mico.<\/p>\n\n\n\n<p>Los foros de la SE parecen m\u00e1s bien una versi\u00f3n mexicana de las Ted Talks gringas, donde se montan grandes estrados para hacer m\u00e1s imponente el cuadro. Al igual que en las Ted Talks, la SE selecciona personalidades que promueven el discurso del self-made man, o en espa\u00f1ol, hombre que se hizo solo sin ayuda de nadie. Muchos mitos meritocr\u00e1ticos se difunden en estos foros&nbsp;<em>buenaondita<\/em>.<\/p>\n\n\n\n<p>Fuentes cercanas me confirman que los eventos de la SE son producciones tipo TV Azteca con un presentador alentando a los asistentes a hacer \u201cla ola\u201d<\/p>\n\n\n\n<p>\u00bfLe parece que irradia seriedad un evento de sustentabilidad en donde los asistentes hacen \u201cla ola\u201d? en pocas palabras la SE est\u00e1 haci\u00e9ndole honores a la frase: \u201cal pueblo pan y circo\u201d.<\/p>\n","protected":false},"excerpt":{"rendered":"<p>Por: Adri\u00e1n Espinosa de los Monteros. La Secretar\u00eda de Econom\u00eda del Estado de Sinaloa se ha estado enfocando excesivamente en promover eventos que no tienen un valor sustancial o un fondo real para la productividad de la vida econ\u00f3mica en Sinaloa. Dicha secretar\u00eda encabezada por Javier Gaxiola Coppel se ha empe\u00f1ado fuertemente en eventos de [&hellip;]<\/p>\n","protected":false},"author":1,"featured_media":805,"comment_status":"open","ping_status":"open","sticky":false,"template":"","format":"standard","meta":{"om_disable_all_campaigns":false,"_monsterinsights_skip_tracking":false,"_monsterinsights_sitenote_active":false,"_monsterinsights_sitenote_note":"","_monsterinsights_sitenote_category":0,"_uf_show_specific_survey":0,"_uf_disable_surveys":false,"site-sidebar-layout":"default","site-content-layout":"","ast-site-content-layout":"","site-content-style":"default","site-sidebar-style":"default","ast-global-header-display":"","ast-banner-title-visibility":"","ast-main-header-display":"","ast-hfb-above-header-display":"","ast-hfb-below-header-display":"","ast-hfb-mobile-header-display":"","site-post-title":"","ast-breadcrumbs-content":"","ast-featured-img":"","footer-sml-layout":"","theme-transparent-header-meta":"","adv-header-id-meta":"","stick-header-meta":"","header-above-stick-meta":"","header-main-stick-meta":"","header-below-stick-meta":"","astra-migrate-meta-layouts":"default","ast-page-background-enabled":"default","ast-page-background-meta":{"desktop":{"background-color":"var(--ast-global-color-4)","background-image":"","background-repeat":"repeat","background-position":"center center","background-size":"auto","background-attachment":"scroll","background-type":"","background-media":"","overlay-type":"","overlay-color":"","overlay-opacity":"","overlay-gradient":""},"tablet":{"background-color":"","background-image":"","background-repeat":"repeat","background-position":"center center","background-size":"auto","background-attachment":"scroll","background-type":"","background-media":"","overlay-type":"","overlay-color":"","overlay-opacity":"","overlay-gradient":""},"mobile":{"background-color":"","background-image":"","background-repeat":"repeat","background-position":"center center","background-size":"auto","background-attachment":"scroll","background-type":"","background-media":"","overlay-type":"","overlay-color":"","overlay-opacity":"","overlay-gradient":""}},"ast-content-background-meta":{"desktop":{"background-color":"var(--ast-global-color-5)","background-image":"","background-repeat":"repeat","background-position":"center center","background-size":"auto","background-attachment":"scroll","background-type":"","background-media":"","overlay-type":"","overlay-color":"","overlay-opacity":"","overlay-gradient":""},"tablet":{"background-color":"var(--ast-global-color-5)","background-image":"","background-repeat":"repeat","background-position":"center center","background-size":"auto","background-attachment":"scroll","background-type":"","background-media":"","overlay-type":"","overlay-color":"","overlay-opacity":"","overlay-gradient":""},"mobile":{"background-color":"var(--ast-global-color-5)","background-image":"","background-repeat":"repeat","background-position":"center center","background-size":"auto","background-attachment":"scroll","background-type":"","background-media":"","overlay-type":"","overlay-color":"","overlay-opacity":"","overlay-gradient":""}},"footnotes":""},"categories":[8,3,7],"tags":[],"class_list":["post-804","post","type-post","status-publish","format-standard","has-post-thumbnail","hentry","category-economia","category-local","category-opinion"],"aioseo_notices":[],"views":16,"_links":{"self":[{"href":"https:\/\/vidapublicarevista.com\/index.php\/wp-json\/wp\/v2\/posts\/804","targetHints":{"allow":["GET"]}}],"collection":[{"href":"https:\/\/vidapublicarevista.com\/index.php\/wp-json\/wp\/v2\/posts"}],"about":[{"href":"https:\/\/vidapublicarevista.com\/index.php\/wp-json\/wp\/v2\/types\/post"}],"author":[{"embeddable":true,"href":"https:\/\/vidapublicarevista.com\/index.php\/wp-json\/wp\/v2\/users\/1"}],"replies":[{"embeddable":true,"href":"https:\/\/vidapublicarevista.com\/index.php\/wp-json\/wp\/v2\/comments?post=804"}],"version-history":[{"count":1,"href":"https:\/\/vidapublicarevista.com\/index.php\/wp-json\/wp\/v2\/posts\/804\/revisions"}],"predecessor-version":[{"id":806,"href":"https:\/\/vidapublicarevista.com\/index.php\/wp-json\/wp\/v2\/posts\/804\/revisions\/806"}],"wp:featuredmedia":[{"embeddable":true,"href":"https:\/\/vidapublicarevista.com\/index.php\/wp-json\/wp\/v2\/media\/805"}],"wp:attachment":[{"href":"https:\/\/vidapublicarevista.com\/index.php\/wp-json\/wp\/v2\/media?parent=804"}],"wp:term":[{"taxonomy":"category","embeddable":true,"href":"https:\/\/vidapublicarevista.com\/index.php\/wp-json\/wp\/v2\/categories?post=804"},{"taxonomy":"post_tag","embeddable":true,"href":"https:\/\/vidapublicarevista.com\/index.php\/wp-json\/wp\/v2\/tags?post=804"}],"curies":[{"name":"wp","href":"https:\/\/api.w.org\/{rel}","templated":true}]}}