{"id":735,"date":"2023-07-06T06:07:44","date_gmt":"2023-07-06T06:07:44","guid":{"rendered":"https:\/\/vidapublicarevista.com\/?p=735"},"modified":"2023-07-06T06:12:16","modified_gmt":"2023-07-06T06:12:16","slug":"sera-claudia-el-factor-xochitl","status":"publish","type":"post","link":"https:\/\/vidapublicarevista.com\/index.php\/2023\/07\/06\/sera-claudia-el-factor-xochitl\/","title":{"rendered":"Ser\u00e1 Claudia: el factor X\u00f3chitl"},"content":{"rendered":"\n<p class=\"has-medium-font-size\"><strong>Por: Ricardo Espinosa de los Monteros Zazueta.<\/strong><\/p>\n\n\n\n<p>No tengo ning\u00fan empacho en adelantar v\u00edsperas: la contienda presidencial del 2024 marcar\u00e1 un hito en la historia de nuestro pa\u00eds, dos mujeres se disputar\u00e1n la primera magistratura. \u00a1Ching\u00f3n!<\/p>\n\n\n\n<p>Claudia Sheinbaum y X\u00f3chitl G\u00e1lvez ser\u00e1n las candidatas de Morena y del Frente Amplio por M\u00e9xico (FAM). Claudia dejar\u00e1 en el terreno de juego a Marcelo Ebrard, su principal contendiente y a los dem\u00e1s precandidatos, que no avanzaron ni a la primera almohadilla. Si me equivoco en mi an\u00e1lisis que el pueblo me lo demande.<\/p>\n\n\n\n<p>Pretendiendo congraciarse con las bases morenistas y con el gran elector (AMLO) Marcelo, propuso, en su primera alocuci\u00f3n p\u00fablica, la confecci\u00f3n de una Secretar\u00eda de Estado para la Cuarta Transformaci\u00f3n, para que la dirigiera Andr\u00e9s Manuel L\u00f3pez Beltr\u00e1n. Inmediatamente el hijo de L\u00f3pez Obrador bate\u00f3 el zalamero ofrecimiento.&nbsp;El excanciller luce fuera de forma f\u00edsica y pol\u00edtica, su sobrepeso es proporcional a su falta de reflejos y empat\u00eda popular. Ebrard no es el candidato del morenismo de a pie que definir\u00e1 las elecciones primarias del partido guinda y mucho menos el candidato id\u00f3neo para enfrentar a una mujer como X\u00f3chitl.<\/p>\n\n\n\n<p>Si bien Claudia y Marcelo carecen de carisma pol\u00edtico popular, la diferencia es que Claudia representa y simboliza los intereses del obradorismo y en ese sentido los intereses del voto duro, que no valora el carisma, sino la lealtad a un proyecto pol\u00edtico de larga duraci\u00f3n. Las dem\u00e1s corcholatas solo son comparsas en este road trip de la elecci\u00f3n primaria morenista. El factor X\u00f3chitl fortalece la candidatura de Claudia.<\/p>\n\n\n\n<p>A menos que un accidente pol\u00edtico de envergadura acontezca, Claudia ser\u00e1 la candidata de Morena, sobretodo por el veloz empoderamiento e implantaci\u00f3n en el espacio p\u00fablico de X\u00f3chitl G\u00e1lvez, lo que beneficia a Claudia en la interna Morenista, por ser la \u00fanica mujer. En Morena cometieron un grave error: dejaron fuera a Tatiana Clouthier y con ello la posibilidad de contar con una candidata sustituta de las mismas caracter\u00edsticas de X\u00f3chitl. La T\u00eda Tatis, como se le conoce en las redes sociales, tiene una legi\u00f3n de fieles seguidores, que son una s\u00f3lida plataforma de lanzamiento pol\u00edtico, pero como dice la sinaloense, ella decidi\u00f3 permanecer en la porra y no en la cancha.&nbsp;<\/p>\n\n\n\n<p>En la oposici\u00f3n no hay una personalidad que tenga el arrastre pol\u00edtico de X\u00f3chitl G\u00e1lvez, que es una versi\u00f3n femenina, pero mejorada de Vicente Fox: sencilla, frontal, entrona e inteligente, locuaz, boquifloja, ideal para una candidatura opositora, ante Claudia, que es la ant\u00edtesis de esa personalidad: seria, medida, centrada, observadora.<\/p>\n\n\n\n<p>Los dem\u00e1s precandidatos del FAM, Santiago Creel y Enrique de la Madrid, son tecn\u00f3cratas fr\u00edos y aburridos que no hacen un verano pol\u00edtico\/ electoral; nos guste o no, pero esto es marketing puro, que ya no distingue mucho entre un personaje pol\u00edtico y un producto de consumo: una bolsa de Sabritas es m\u00e1s vendible que una barra de granola, aunque esta \u00faltima sea m\u00e1s nutritiva. Dicho esto sin dem\u00e9rito de las aptitudes de X\u00f3chitl, que es un excelente \u201cproducto\u201d para venderse entre la clase media y el votante independiente y desde luego en parte de un sector popular no beneficiario de los programas sociales del gobierno.<\/p>\n\n\n\n<p>Lo que no garantiza para nada su triunfo en la elecci\u00f3n, en virtud que la popularidad de L\u00f3pez Obrador frisa el 67 por ciento seg\u00fan Oraculus, la agencia encuestadora que promedia las casas demoscopicas&nbsp; nacionales, sin olvidar que est\u00e1 elecci\u00f3n ser\u00e1 una suerte de refrendo del gobierno obradorista y en consecuencia su ratificaci\u00f3n o rechazo. Sin embargo, debemos recordar que expresidente Ernesto Zedillo cerr\u00f3 su administraci\u00f3n con un 63 por ciento de aceptaci\u00f3n popular, pero eso no se traslad\u00f3 a Francisco Labastida que fue vencido con facilidad por Vicente Fox.<\/p>\n\n\n\n<p>Sumado a lo anterior, nos guste o no, los n\u00fameros econ\u00f3micos del obradorismo son impresionantes: este trimestre la econom\u00eda creci\u00f3 3.5 por ciento. La inversi\u00f3n extranjera directa sin incluir el&nbsp;nearshoring, crece a pasos agigantados, para el primer trimestre hubo casi 19 mil millones de d\u00f3lares. El d\u00e9ficit fiscal est\u00e1 en los par\u00e1metros ordinarios de unas sanas finanzas p\u00fablicas y el estado de la cuenta corriente tiene n\u00fameros positivos, envidia del neoliberalismo m\u00e1s dogm\u00e1tico.<\/p>\n\n\n\n<p>El peso ha adquirido una fortaleza in\u00e9dita, para bien y para mal, el viernes pasado cerr\u00f3 en 17.20 respecto del d\u00f3lar. El mercado interno se fortalece con productos m\u00e1s baratos en beneficio del consumidor y claro, hay un demerito en el valor de las exportaciones, pero estas no dejan de crecer.<\/p>\n\n\n\n<p>En el primer trimestre del a\u00f1o el valor de estas sum\u00f3 141,082 millones de d\u00f3lares, una balanza comercial casi en equilibrio. Las reservas de divisas para el segundo trimestre llegaron a 203 mil millones de d\u00f3lares, lo que garantiza el cumplimiento de obligaciones contractuales en moneda extranjera y la viabilidad econ\u00f3mica del pa\u00eds. La inversi\u00f3n en cartera es creciente, en virtud de los diferenciales de tasas entre M\u00e9xico y EUA, 11.5 por ciento contra 5.5 de los gringos.<\/p>\n\n\n\n<p>De ganar Claudia, alguien podr\u00eda decir lo que Bill Clinton le dijo a George W Bush (padre), pero al rev\u00e9s, \u201ces la econom\u00eda est\u00fapido\u201d. Algo que Josefina V\u00e1zquez Mota fue incapaz de capitalizar en su contienda a la presidencia de M\u00e9xico en 2012. Felipe Calder\u00f3n, ten\u00eda buenos n\u00fameros econ\u00f3micos, pero una muy mala candidata.<\/p>\n\n\n\n<p>En el lado de los pasivos del obradorismo est\u00e1 la violencia y la inseguridad como la principal asignatura pendiente de este gobierno, lo que ha obligado al presidente a reconocerlo p\u00fablicamente y que puede ser la pata de palo del gobierno de la Cuarta Transformaci\u00f3n de cara a la elecci\u00f3n del 2024, sin embargo en este apartado Claudia Sheinbaum tiene mucho que presumir: la seguridad p\u00fablica en CDMX proporci\u00f3n guardada con la mayor\u00eda de los estados de M\u00e9xico, exceptuando Yucat\u00e1n, es la de mejor calidad operativa en t\u00e9rminos de eficiencia, gracias al trabajo extraordinario realizado por el joven y muy valiente Secretario de Seguridad Ciudadana, Omar Garc\u00eda Harfuch.<\/p>\n\n\n\n<p>Este domingo pasado escuch\u00e9 una entrevista que un periodista de Milenio TV, le hizo al l\u00edder del PAN Marko Cortes. A pregunta del entrevistador, de para qu\u00e9 se continuaba con el proceso de la contienda interna habida cuenta del \u201cfen\u00f3meno\u201d causado por la aparici\u00f3n de X\u00f3chitl como precandidata, el joven panista no supo o no quizo responder con claridad. \u201cEl proceso continuar\u00e1\u201d sostuvo Marko, aunque nadie en su sano juicio pol\u00edtico se lo cree. Si no son tontos, har\u00e1n todo lo posible por cargar los dados para que X\u00f3chitl gane, de otra suerte est\u00e1n irremediablemente perdidos. La hidalguense representa una candidatura competitiva, no necesariamente ganadora. El tiempo lo dir\u00e1. Se aceptan apuestas.<\/p>\n","protected":false},"excerpt":{"rendered":"<p>Por: Ricardo Espinosa de los Monteros Zazueta. No tengo ning\u00fan empacho en adelantar v\u00edsperas: la contienda presidencial del 2024 marcar\u00e1 un hito en la historia de nuestro pa\u00eds, dos mujeres se disputar\u00e1n la primera magistratura. \u00a1Ching\u00f3n! Claudia Sheinbaum y X\u00f3chitl G\u00e1lvez ser\u00e1n las candidatas de Morena y del Frente Amplio por M\u00e9xico (FAM). Claudia dejar\u00e1 [&hellip;]<\/p>\n","protected":false},"author":1,"featured_media":736,"comment_status":"open","ping_status":"open","sticky":false,"template":"","format":"standard","meta":{"om_disable_all_campaigns":false,"_monsterinsights_skip_tracking":false,"_monsterinsights_sitenote_active":false,"_monsterinsights_sitenote_note":"","_monsterinsights_sitenote_category":0,"_uf_show_specific_survey":0,"_uf_disable_surveys":false,"site-sidebar-layout":"default","site-content-layout":"","ast-site-content-layout":"","site-content-style":"default","site-sidebar-style":"default","ast-global-header-display":"","ast-banner-title-visibility":"","ast-main-header-display":"","ast-hfb-above-header-display":"","ast-hfb-below-header-display":"","ast-hfb-mobile-header-display":"","site-post-title":"","ast-breadcrumbs-content":"","ast-featured-img":"","footer-sml-layout":"","theme-transparent-header-meta":"","adv-header-id-meta":"","stick-header-meta":"","header-above-stick-meta":"","header-main-stick-meta":"","header-below-stick-meta":"","astra-migrate-meta-layouts":"default","ast-page-background-enabled":"default","ast-page-background-meta":{"desktop":{"background-color":"var(--ast-global-color-4)","background-image":"","background-repeat":"repeat","background-position":"center center","background-size":"auto","background-attachment":"scroll","background-type":"","background-media":"","overlay-type":"","overlay-color":"","overlay-opacity":"","overlay-gradient":""},"tablet":{"background-color":"","background-image":"","background-repeat":"repeat","background-position":"center center","background-size":"auto","background-attachment":"scroll","background-type":"","background-media":"","overlay-type":"","overlay-color":"","overlay-opacity":"","overlay-gradient":""},"mobile":{"background-color":"","background-image":"","background-repeat":"repeat","background-position":"center center","background-size":"auto","background-attachment":"scroll","background-type":"","background-media":"","overlay-type":"","overlay-color":"","overlay-opacity":"","overlay-gradient":""}},"ast-content-background-meta":{"desktop":{"background-color":"var(--ast-global-color-5)","background-image":"","background-repeat":"repeat","background-position":"center center","background-size":"auto","background-attachment":"scroll","background-type":"","background-media":"","overlay-type":"","overlay-color":"","overlay-opacity":"","overlay-gradient":""},"tablet":{"background-color":"var(--ast-global-color-5)","background-image":"","background-repeat":"repeat","background-position":"center center","background-size":"auto","background-attachment":"scroll","background-type":"","background-media":"","overlay-type":"","overlay-color":"","overlay-opacity":"","overlay-gradient":""},"mobile":{"background-color":"var(--ast-global-color-5)","background-image":"","background-repeat":"repeat","background-position":"center center","background-size":"auto","background-attachment":"scroll","background-type":"","background-media":"","overlay-type":"","overlay-color":"","overlay-opacity":"","overlay-gradient":""}},"footnotes":""},"categories":[2,7],"tags":[],"class_list":["post-735","post","type-post","status-publish","format-standard","has-post-thumbnail","hentry","category-nacional","category-opinion"],"aioseo_notices":[],"views":18,"_links":{"self":[{"href":"https:\/\/vidapublicarevista.com\/index.php\/wp-json\/wp\/v2\/posts\/735","targetHints":{"allow":["GET"]}}],"collection":[{"href":"https:\/\/vidapublicarevista.com\/index.php\/wp-json\/wp\/v2\/posts"}],"about":[{"href":"https:\/\/vidapublicarevista.com\/index.php\/wp-json\/wp\/v2\/types\/post"}],"author":[{"embeddable":true,"href":"https:\/\/vidapublicarevista.com\/index.php\/wp-json\/wp\/v2\/users\/1"}],"replies":[{"embeddable":true,"href":"https:\/\/vidapublicarevista.com\/index.php\/wp-json\/wp\/v2\/comments?post=735"}],"version-history":[{"count":4,"href":"https:\/\/vidapublicarevista.com\/index.php\/wp-json\/wp\/v2\/posts\/735\/revisions"}],"predecessor-version":[{"id":740,"href":"https:\/\/vidapublicarevista.com\/index.php\/wp-json\/wp\/v2\/posts\/735\/revisions\/740"}],"wp:featuredmedia":[{"embeddable":true,"href":"https:\/\/vidapublicarevista.com\/index.php\/wp-json\/wp\/v2\/media\/736"}],"wp:attachment":[{"href":"https:\/\/vidapublicarevista.com\/index.php\/wp-json\/wp\/v2\/media?parent=735"}],"wp:term":[{"taxonomy":"category","embeddable":true,"href":"https:\/\/vidapublicarevista.com\/index.php\/wp-json\/wp\/v2\/categories?post=735"},{"taxonomy":"post_tag","embeddable":true,"href":"https:\/\/vidapublicarevista.com\/index.php\/wp-json\/wp\/v2\/tags?post=735"}],"curies":[{"name":"wp","href":"https:\/\/api.w.org\/{rel}","templated":true}]}}