{"id":5213,"date":"2026-09-04T18:25:52","date_gmt":"2026-09-04T18:25:52","guid":{"rendered":"https:\/\/vidapublicarevista.com\/?p=5213"},"modified":"2026-09-04T18:28:50","modified_gmt":"2026-09-04T18:28:50","slug":"desplazamiento-forzado-y-psicologia-como-vamos","status":"publish","type":"post","link":"https:\/\/vidapublicarevista.com\/index.php\/2026\/09\/04\/desplazamiento-forzado-y-psicologia-como-vamos\/","title":{"rendered":"DESPLAZAMIENTO FORZADO Y PSICOLOG\u00cdA: \u00bfC\u00d3MO VAMOS?"},"content":{"rendered":"\n<p class=\"wp-block-paragraph\"><\/p>\n\n\n\n<p class=\"wp-block-paragraph\"><em>Somos Nuestra Memoria<\/em><\/p>\n\n\n\n<p class=\"wp-block-paragraph\">Luis tiene una hect\u00e1rea bien ubicada en la sierra de Sinaloa, donde siembra ma\u00edz. <\/p>\n\n\n\n<p class=\"wp-block-paragraph\">Desde hace tiempo, integrantes del crimen organizado lo presionan para que cambie el uso de su tierra o la abandone. <\/p>\n\n\n\n<p class=\"wp-block-paragraph\">La amenaza es directa: si se resiste, \u00e9l y su familia pueden ser asesinados.<\/p>\n\n\n\n<p class=\"wp-block-paragraph\">Historias semejantes se repiten en comunidades rurales de Chihuahua, Michoac\u00e1n, Chiapas, Guerrero y Zacatecas. <\/p>\n\n\n\n<p class=\"wp-block-paragraph\">El desplazamiento forzado interno ocurre cuando personas, familias o comunidades enteras se ven obligadas a abandonar su hogar para proteger la vida, sin cruzar una frontera internacional.&nbsp;<\/p>\n\n\n\n<p class=\"wp-block-paragraph\">Aunque el fen\u00f3meno suele aparecer en las noticias como una cifra o una breve nota roja, detr\u00e1s de cada desplazamiento hay una ruptura profunda. <\/p>\n\n\n\n<p class=\"wp-block-paragraph\">Se pierde la casa, la tierra, el trabajo, la escuela, la red familiar, la identidad comunitaria y la sensaci\u00f3n elemental de seguridad. <\/p>\n\n\n\n<p class=\"wp-block-paragraph\">Tambi\u00e9n se pierde la posibilidad de planear el futuro. <\/p>\n\n\n\n<p class=\"wp-block-paragraph\">Quien huye lleva consigo algunos objetos, pero sobre todo carga miedo, duelo, incertidumbre y la obligaci\u00f3n de comenzar desde cero en un lugar desconocido.<\/p>\n\n\n\n<p class=\"wp-block-paragraph\">En materia de salud mental existe una preocupante desconexi\u00f3n institucional. <\/p>\n\n\n\n<p class=\"wp-block-paragraph\">Como psic\u00f3logo y especialista en violaciones graves a los derechos humanos, he se\u00f1alado en repetidas ocasiones la ausencia de psic\u00f3logos comunitarios suficientemente capacitados en albergues temporales y zonas de refugio.&nbsp;<\/p>\n\n\n\n<p class=\"wp-block-paragraph\">Las personas desplazadas no necesitan \u00fanicamente una consulta aislada: <\/p>\n\n\n\n<p class=\"wp-block-paragraph\">Requieren acompa\u00f1amiento sostenido, sensible a su historia, su cultura y las condiciones de riesgo que todav\u00eda enfrentan.<\/p>\n\n\n\n<p class=\"wp-block-paragraph\">El despojo de tierras y propiedades por conflictos religiosos, agrarios o pol\u00edticos, as\u00ed como la violencia ejercida por grupos delictivos con la tolerancia o complicidad de autoridades locales, puede producir s\u00edntomas de estr\u00e9s postraum\u00e1tico, depresi\u00f3n, ansiedad, insomnio, culpa y desesperanza.&nbsp;<\/p>\n\n\n\n<p class=\"wp-block-paragraph\">Por eso, la atenci\u00f3n no puede reducirse a decirle a una persona que \u201cpiense positivo\u201d o que acuda a terapia convencional durante unas cuantas sesiones. <\/p>\n\n\n\n<p class=\"wp-block-paragraph\">La intervenci\u00f3n debe incluir diversas acciones complejas para la atenci\u00f3n de problemas complicados, como el desplazamiento. <\/p>\n\n\n\n<p class=\"wp-block-paragraph\">La salud mental no se sostiene cuando una familia sigue sin saber si puede regresar, cuando carece de ingresos, cuando son despreciados en ciudades a donde llegan o cuando teme que sus agresores permanezcan impunes.<\/p>\n\n\n\n<p class=\"wp-block-paragraph\">Un caso especial es el de las infancias, que requieren una atenci\u00f3n prioritaria. <\/p>\n\n\n\n<p class=\"wp-block-paragraph\">Ni\u00f1as, ni\u00f1os y adolescentes desplazados pueden haber presenciado asesinatos, sufrido la desaparici\u00f3n de familiares o perdido de manera repentina su escuela, sus amistades y su entorno protector. <\/p>\n\n\n\n<p class=\"wp-block-paragraph\">La interrupci\u00f3n educativa y la incertidumbre afectan su desarrollo emocional.&nbsp;<\/p>\n\n\n\n<p class=\"wp-block-paragraph\">Las mujeres, las personas mayores, las comunidades ind\u00edgenas y quienes tienen alguna discapacidad enfrentan obst\u00e1culos adicionales. <\/p>\n\n\n\n<p class=\"wp-block-paragraph\">Una pol\u00edtica p\u00fablica seria debe identificar sus barreras y garantizar atenci\u00f3n con perspectiva de derechos humanos, g\u00e9nero, interculturalidad y ciclo de vida.<\/p>\n\n\n\n<p class=\"wp-block-paragraph\">El problema es que los gobiernos contin\u00faan presentando informes maquillados, mientras miles de personas sobreviven. <\/p>\n\n\n\n<p class=\"wp-block-paragraph\">El presupuesto p\u00fablico no pertenece a los funcionarios ni a sus familias: <\/p>\n\n\n\n<p class=\"wp-block-paragraph\">Proviene de los impuestos de la sociedad y debe utilizarse para proteger a quienes enfrentan una emergencia humanitaria. <\/p>\n\n\n\n<p class=\"wp-block-paragraph\">Ninguna beca del bienestar sustituye una pol\u00edtica integral de seguridad, justicia y salud mental.<\/p>\n\n\n\n<p class=\"wp-block-paragraph\">Tambi\u00e9n es inadmisible que la ayuda se convierta en propaganda. <\/p>\n\n\n\n<p class=\"wp-block-paragraph\">En una ocasi\u00f3n, una pol\u00edtica nos pidi\u00f3 realizar una intervenci\u00f3n en la frontera \u201c<em>de a gorra<\/em>\u201d, con el prop\u00f3sito evidente de tomarse la fotograf\u00eda y presumir que atend\u00eda el desplazamiento forzado. Nos negamos. <\/p>\n\n\n\n<p class=\"wp-block-paragraph\">La atenci\u00f3n psicol\u00f3gica no puede ser un escenario para la promoci\u00f3n personal ni una d\u00e1diva condicionada a la imagen de un funcionario.<\/p>\n\n\n\n<p class=\"wp-block-paragraph\"><strong>Causas y azares:<\/strong><\/p>\n\n\n\n<ul class=\"wp-block-list\">\n<li>Vaya nivel de corrupci\u00f3n y de cinismo el que se ventila todos los d\u00edas con los gobiernos y sus familiares, que no est\u00e1n peor que los anteriores, pero como todos son iguales y solo se reciclan en sus posiciones, la cosa va para largo, en un pa\u00eds donde la gente no pone su barba a remojar.<\/li>\n\n\n\n<li>Es lastimoso que las personas no tengan programas de salud mental con 2 millones de pesos para atender a 10 mil personas al a\u00f1o, mientras los hip\u00f3critas del gobierno vuelan casi 100 viajes en aviones privados de contratistas corruptos que les pasan su parte, o mientras empresarios se embolsan, uno solo, m\u00e1s de 33 mil millones de pesos de contratos p\u00fablicos.&nbsp;<\/li>\n\n\n\n<li>El nivel tan bajo de los narcotraficantes mexicanos es casi pestilente a la vista de todos, no se encuentran ubicados en sus negocios de drogas, ahora la bajeza del poder y la venganza los llevan a hacer narcoterrorismo sin ser capturados, por ahora.&nbsp;<\/li>\n<\/ul>\n\n\n\n<p class=\"wp-block-paragraph\"><em>Nos estamos viendo, que, si pudiera vivir nuevamente mi vida, har\u00eda m\u00e1s viajes, contemplar\u00eda m\u00e1s atardeceres, subir\u00eda m\u00e1s monta\u00f1as, nadar\u00eda m\u00e1s r\u00edos&#8230;<\/em><\/p>\n\n\n\n<p class=\"wp-block-paragraph\"><a href=\"https:\/\/www.google.com\/search?q=https%3A%2F%2Fwww.facebook.com%2Fpsicologoclinicomexico\">www.facebook.com\/psicologoclinicomexico<\/a><br><\/p>\n","protected":false},"excerpt":{"rendered":"<p>El desplazamiento forzado ocurre cuando personas se ven obligadas a abandonar su hogar <\/p>\n","protected":false},"author":16,"featured_media":5216,"comment_status":"open","ping_status":"open","sticky":false,"template":"","format":"standard","meta":{"om_disable_all_campaigns":false,"_monsterinsights_skip_tracking":false,"_uf_show_specific_survey":0,"_uf_disable_surveys":false,"site-sidebar-layout":"default","site-content-layout":"","ast-site-content-layout":"default","site-content-style":"default","site-sidebar-style":"default","ast-global-header-display":"","ast-banner-title-visibility":"","ast-main-header-display":"","ast-hfb-above-header-display":"","ast-hfb-below-header-display":"","ast-hfb-mobile-header-display":"","site-post-title":"","ast-breadcrumbs-content":"","ast-featured-img":"","footer-sml-layout":"","theme-transparent-header-meta":"","adv-header-id-meta":"","stick-header-meta":"","header-above-stick-meta":"","header-main-stick-meta":"","header-below-stick-meta":"","astra-migrate-meta-layouts":"set","ast-page-background-enabled":"default","ast-page-background-meta":{"desktop":{"background-color":"var(--ast-global-color-4)","background-image":"","background-repeat":"repeat","background-position":"center center","background-size":"auto","background-attachment":"scroll","background-type":"","background-media":"","overlay-type":"","overlay-color":"","overlay-opacity":"","overlay-gradient":""},"tablet":{"background-color":"","background-image":"","background-repeat":"repeat","background-position":"center center","background-size":"auto","background-attachment":"scroll","background-type":"","background-media":"","overlay-type":"","overlay-color":"","overlay-opacity":"","overlay-gradient":""},"mobile":{"background-color":"","background-image":"","background-repeat":"repeat","background-position":"center center","background-size":"auto","background-attachment":"scroll","background-type":"","background-media":"","overlay-type":"","overlay-color":"","overlay-opacity":"","overlay-gradient":""}},"ast-content-background-meta":{"desktop":{"background-color":"var(--ast-global-color-5)","background-image":"","background-repeat":"repeat","background-position":"center center","background-size":"auto","background-attachment":"scroll","background-type":"","background-media":"","overlay-type":"","overlay-color":"","overlay-opacity":"","overlay-gradient":""},"tablet":{"background-color":"var(--ast-global-color-5)","background-image":"","background-repeat":"repeat","background-position":"center center","background-size":"auto","background-attachment":"scroll","background-type":"","background-media":"","overlay-type":"","overlay-color":"","overlay-opacity":"","overlay-gradient":""},"mobile":{"background-color":"var(--ast-global-color-5)","background-image":"","background-repeat":"repeat","background-position":"center center","background-size":"auto","background-attachment":"scroll","background-type":"","background-media":"","overlay-type":"","overlay-color":"","overlay-opacity":"","overlay-gradient":""}},"footnotes":""},"categories":[7,28],"tags":[],"class_list":["post-5213","post","type-post","status-publish","format-standard","has-post-thumbnail","hentry","category-opinion","category-psicologia"],"aioseo_notices":[],"views":5,"_links":{"self":[{"href":"https:\/\/vidapublicarevista.com\/index.php\/wp-json\/wp\/v2\/posts\/5213","targetHints":{"allow":["GET"]}}],"collection":[{"href":"https:\/\/vidapublicarevista.com\/index.php\/wp-json\/wp\/v2\/posts"}],"about":[{"href":"https:\/\/vidapublicarevista.com\/index.php\/wp-json\/wp\/v2\/types\/post"}],"author":[{"embeddable":true,"href":"https:\/\/vidapublicarevista.com\/index.php\/wp-json\/wp\/v2\/users\/16"}],"replies":[{"embeddable":true,"href":"https:\/\/vidapublicarevista.com\/index.php\/wp-json\/wp\/v2\/comments?post=5213"}],"version-history":[{"count":2,"href":"https:\/\/vidapublicarevista.com\/index.php\/wp-json\/wp\/v2\/posts\/5213\/revisions"}],"predecessor-version":[{"id":5217,"href":"https:\/\/vidapublicarevista.com\/index.php\/wp-json\/wp\/v2\/posts\/5213\/revisions\/5217"}],"wp:featuredmedia":[{"embeddable":true,"href":"https:\/\/vidapublicarevista.com\/index.php\/wp-json\/wp\/v2\/media\/5216"}],"wp:attachment":[{"href":"https:\/\/vidapublicarevista.com\/index.php\/wp-json\/wp\/v2\/media?parent=5213"}],"wp:term":[{"taxonomy":"category","embeddable":true,"href":"https:\/\/vidapublicarevista.com\/index.php\/wp-json\/wp\/v2\/categories?post=5213"},{"taxonomy":"post_tag","embeddable":true,"href":"https:\/\/vidapublicarevista.com\/index.php\/wp-json\/wp\/v2\/tags?post=5213"}],"curies":[{"name":"wp","href":"https:\/\/api.w.org\/{rel}","templated":true}]}}