{"id":5203,"date":"2026-09-02T19:04:36","date_gmt":"2026-09-02T19:04:36","guid":{"rendered":"https:\/\/vidapublicarevista.com\/?p=5203"},"modified":"2026-09-02T19:19:18","modified_gmt":"2026-09-02T19:19:18","slug":"la-politica-que-sinaloa-necesita","status":"publish","type":"post","link":"https:\/\/vidapublicarevista.com\/index.php\/2026\/09\/02\/la-politica-que-sinaloa-necesita\/","title":{"rendered":"La pol\u00edtica que Sinaloa necesita"},"content":{"rendered":"\n<p class=\"wp-block-paragraph\"><\/p>\n\n\n\n<p class=\"wp-block-paragraph\">En tiempos donde la conversaci\u00f3n p\u00fablica suele reducirse a la inmediatez, a las redes sociales y a la disputa cotidiana, Sinaloa necesita recuperar algo que nunca debi\u00f3 perderse: la pol\u00edtica como instrumento de di\u00e1logo, de acuerdos y de construcci\u00f3n de soluciones.<\/p>\n\n\n\n<p class=\"wp-block-paragraph\">La vida p\u00fablica exige preparaci\u00f3n, responsabilidad y, sobre todo, entender que representar a los ciudadanos no es un privilegio, sino una obligaci\u00f3n. <\/p>\n\n\n\n<p class=\"wp-block-paragraph\">Quien aspira a participar en las decisiones del Estado debe estar dispuesto a escuchar antes de hablar, a estudiar antes de proponer y a trabajar antes de exigir reconocimiento.<\/p>\n\n\n\n<p class=\"wp-block-paragraph\">Sinaloa enfrenta retos que no admiten improvisaciones. <\/p>\n\n\n\n<p class=\"wp-block-paragraph\">La seguridad, el desarrollo econ\u00f3mico, los servicios p\u00fablicos, la transparencia, la generaci\u00f3n de oportunidades para los j\u00f3venes y el fortalecimiento de las instituciones requieren una nueva etapa de responsabilidad p\u00fablica.<\/p>\n\n\n\n<p class=\"wp-block-paragraph\">Por eso resulta necesario que nuevas generaciones se involucren en la pol\u00edtica con seriedad. <\/p>\n\n\n\n<p class=\"wp-block-paragraph\">No para desplazar a quienes tienen experiencia, sino para aportar nuevas ideas, preparaci\u00f3n t\u00e9cnica y una visi\u00f3n renovada de lo que debe ser el servicio p\u00fablico.<\/p>\n\n\n\n<p class=\"wp-block-paragraph\">La pol\u00edtica tambi\u00e9n debe volver a entenderse como una actividad de largo plazo. <\/p>\n\n\n\n<p class=\"wp-block-paragraph\">Las instituciones no se construyen con ocurrencias ni los grandes cambios con discursos pasajeros. <\/p>\n\n\n\n<p class=\"wp-block-paragraph\">Se construyen con leyes bien pensadas, presupuestos responsables, di\u00e1logo entre diferentes y capacidad para convertir las demandas sociales en pol\u00edticas p\u00fablicas.<\/p>\n\n\n\n<p class=\"wp-block-paragraph\">Quienes hemos tenido la oportunidad de formarnos en el estudio del Derecho y de las pol\u00edticas p\u00fablicas sabemos que gobernar y legislar implica mucho m\u00e1s que ocupar un cargo. <\/p>\n\n\n\n<p class=\"wp-block-paragraph\">Implica conocer el funcionamiento del Estado, comprender las necesidades de la sociedad y asumir las consecuencias de cada decisi\u00f3n.<\/p>\n\n\n\n<p class=\"wp-block-paragraph\">Sinaloa necesita representantes que conozcan el territorio, pero tambi\u00e9n que conozcan las instituciones; que sepan escuchar a una colonia y, al mismo tiempo, entender los grandes problemas estructurales del estado.<\/p>\n\n\n\n<p class=\"wp-block-paragraph\">El futuro de Sinaloa no debe construirse desde la improvisaci\u00f3n, sino desde la preparaci\u00f3n, la cercan\u00eda y la responsabilidad.<\/p>\n\n\n\n<p class=\"wp-block-paragraph\">Participar en la vida p\u00fablica es, finalmente, una decisi\u00f3n de servicio. <\/p>\n\n\n\n<p class=\"wp-block-paragraph\">Y cuando una nueva generaci\u00f3n decide asumir esa responsabilidad, no busca solamente un espacio: busca estar a la altura de las circunstancias y contribuir, desde las instituciones, a construir un mejor estado.<\/p>\n\n\n\n<p class=\"wp-block-paragraph\">La pol\u00edtica puede recuperar su dignidad cuando quienes participan en ella entienden que el verdadero reconocimiento no est\u00e1 en el cargo, sino en la capacidad de servir y dejar instituciones m\u00e1s fuertes de las que encontraron.<\/p>\n\n\n\n<p class=\"wp-block-paragraph\">En conclusi\u00f3n la pol\u00edtica exige prudencia si, a\u00fan m\u00e1s car\u00e1cter, prudencia, y sentido de responsabilidad y convicci\u00f3n.<\/p>\n\n\n\n<p class=\"wp-block-paragraph\"><strong>Abogado-Escuela Libre de Derecho de Sinaloa<\/strong><\/p>\n\n\n\n<p class=\"wp-block-paragraph\"><strong>Maestria en Gestion y Politica Publica-UAdeO<\/strong><\/p>\n\n\n\n<p class=\"wp-block-paragraph\"><\/p>\n","protected":false},"excerpt":{"rendered":"<p>Participar en la vida p\u00fablica es, finalmente, una decisi\u00f3n de servicio.<\/p>\n","protected":false},"author":21,"featured_media":5207,"comment_status":"open","ping_status":"open","sticky":false,"template":"","format":"standard","meta":{"om_disable_all_campaigns":false,"_monsterinsights_skip_tracking":false,"_uf_show_specific_survey":0,"_uf_disable_surveys":false,"site-sidebar-layout":"default","site-content-layout":"","ast-site-content-layout":"default","site-content-style":"default","site-sidebar-style":"default","ast-global-header-display":"","ast-banner-title-visibility":"","ast-main-header-display":"","ast-hfb-above-header-display":"","ast-hfb-below-header-display":"","ast-hfb-mobile-header-display":"","site-post-title":"","ast-breadcrumbs-content":"","ast-featured-img":"","footer-sml-layout":"","theme-transparent-header-meta":"","adv-header-id-meta":"","stick-header-meta":"","header-above-stick-meta":"","header-main-stick-meta":"","header-below-stick-meta":"","astra-migrate-meta-layouts":"set","ast-page-background-enabled":"default","ast-page-background-meta":{"desktop":{"background-color":"var(--ast-global-color-4)","background-image":"","background-repeat":"repeat","background-position":"center center","background-size":"auto","background-attachment":"scroll","background-type":"","background-media":"","overlay-type":"","overlay-color":"","overlay-opacity":"","overlay-gradient":""},"tablet":{"background-color":"","background-image":"","background-repeat":"repeat","background-position":"center center","background-size":"auto","background-attachment":"scroll","background-type":"","background-media":"","overlay-type":"","overlay-color":"","overlay-opacity":"","overlay-gradient":""},"mobile":{"background-color":"","background-image":"","background-repeat":"repeat","background-position":"center center","background-size":"auto","background-attachment":"scroll","background-type":"","background-media":"","overlay-type":"","overlay-color":"","overlay-opacity":"","overlay-gradient":""}},"ast-content-background-meta":{"desktop":{"background-color":"var(--ast-global-color-5)","background-image":"","background-repeat":"repeat","background-position":"center center","background-size":"auto","background-attachment":"scroll","background-type":"","background-media":"","overlay-type":"","overlay-color":"","overlay-opacity":"","overlay-gradient":""},"tablet":{"background-color":"var(--ast-global-color-5)","background-image":"","background-repeat":"repeat","background-position":"center center","background-size":"auto","background-attachment":"scroll","background-type":"","background-media":"","overlay-type":"","overlay-color":"","overlay-opacity":"","overlay-gradient":""},"mobile":{"background-color":"var(--ast-global-color-5)","background-image":"","background-repeat":"repeat","background-position":"center center","background-size":"auto","background-attachment":"scroll","background-type":"","background-media":"","overlay-type":"","overlay-color":"","overlay-opacity":"","overlay-gradient":""}},"footnotes":""},"categories":[3,7],"tags":[],"class_list":["post-5203","post","type-post","status-publish","format-standard","has-post-thumbnail","hentry","category-local","category-opinion"],"aioseo_notices":[],"views":15,"_links":{"self":[{"href":"https:\/\/vidapublicarevista.com\/index.php\/wp-json\/wp\/v2\/posts\/5203","targetHints":{"allow":["GET"]}}],"collection":[{"href":"https:\/\/vidapublicarevista.com\/index.php\/wp-json\/wp\/v2\/posts"}],"about":[{"href":"https:\/\/vidapublicarevista.com\/index.php\/wp-json\/wp\/v2\/types\/post"}],"author":[{"embeddable":true,"href":"https:\/\/vidapublicarevista.com\/index.php\/wp-json\/wp\/v2\/users\/21"}],"replies":[{"embeddable":true,"href":"https:\/\/vidapublicarevista.com\/index.php\/wp-json\/wp\/v2\/comments?post=5203"}],"version-history":[{"count":1,"href":"https:\/\/vidapublicarevista.com\/index.php\/wp-json\/wp\/v2\/posts\/5203\/revisions"}],"predecessor-version":[{"id":5205,"href":"https:\/\/vidapublicarevista.com\/index.php\/wp-json\/wp\/v2\/posts\/5203\/revisions\/5205"}],"wp:featuredmedia":[{"embeddable":true,"href":"https:\/\/vidapublicarevista.com\/index.php\/wp-json\/wp\/v2\/media\/5207"}],"wp:attachment":[{"href":"https:\/\/vidapublicarevista.com\/index.php\/wp-json\/wp\/v2\/media?parent=5203"}],"wp:term":[{"taxonomy":"category","embeddable":true,"href":"https:\/\/vidapublicarevista.com\/index.php\/wp-json\/wp\/v2\/categories?post=5203"},{"taxonomy":"post_tag","embeddable":true,"href":"https:\/\/vidapublicarevista.com\/index.php\/wp-json\/wp\/v2\/tags?post=5203"}],"curies":[{"name":"wp","href":"https:\/\/api.w.org\/{rel}","templated":true}]}}