{"id":5200,"date":"2026-08-31T18:41:07","date_gmt":"2026-08-31T18:41:07","guid":{"rendered":"https:\/\/vidapublicarevista.com\/?p=5200"},"modified":"2026-08-31T18:41:08","modified_gmt":"2026-08-31T18:41:08","slug":"el-huevo-de-la-serpiente-2","status":"publish","type":"post","link":"https:\/\/vidapublicarevista.com\/index.php\/2026\/08\/31\/el-huevo-de-la-serpiente-2\/","title":{"rendered":"El huevo de la serpiente"},"content":{"rendered":"\n<p class=\"wp-block-paragraph\"><\/p>\n\n\n\n<p class=\"wp-block-paragraph\"><strong>Culiac\u00e1n, Sinaloa, 31 de agosto 2026<\/strong>. <\/p>\n\n\n\n<p class=\"wp-block-paragraph\">Fernando Cerimedo, argentino, es un \u201cconsultor pol\u00edtico\u201d de la <strong>ultraderecha latinoamericana, vinculada al gobierno de Estados Unidos<\/strong>, que oper\u00f3 un extenso aparato de cabildeo, manipulaci\u00f3n digital de medios y \u00f3rganos de propaganda como \u201cla Derecha Diario\u201d de M\u00e9xico.<\/p>\n\n\n\n<p class=\"wp-block-paragraph\"><strong>Bajo la direcci\u00f3n del Departamento de Estado gringo, la CIA y la DEA,<\/strong> Cerimedo <strong>intervino en las campa\u00f1as presidenciales<\/strong> de Javier Milei, en Argentina; de Jair Bolsonaro, en Brasil; de Rodrigo Paz, en Bolivia; Noboa, en Ecuador; Abelardo de la Espriella, en Colombia; Keiko Fujimori, en Per\u00fa; Jos\u00e9 Antonio Katz, en Chile, y tambi\u00e9n en Honduras, El Salvador y Guatemala.<\/p>\n\n\n\n<p class=\"wp-block-paragraph\"><strong>LAS OREJAS DEL LOBO&nbsp;&nbsp;<\/strong><\/p>\n\n\n\n<p class=\"wp-block-paragraph\">En M\u00e9xico, ten\u00eda a su servicio al medio \u201cLa Derecha Diario\u201d, del que era socio, el mismo medio que divulg\u00f3 ampliamente, <strong>sin presentar prueba alguna<\/strong>, la campa\u00f1a y se\u00f1alamientos en contra de Rub\u00e9n Rocha Moya, <strong>siguiendo directrices de la CIA y la DEA<\/strong>.&nbsp;<\/p>\n\n\n\n<p class=\"wp-block-paragraph\">En todas sus publicaciones, la Derecha Diario llamaba (todav\u00eda lo hace) \u201cnarcogobernador\u201d a Rocha, <strong>inflando y promoviendo \u201clas protestas ciudadanas<\/strong> y exigencias de empresarios sinaloenses\u201d que ped\u00edan (y piden) la cabeza del gobernador con licencia.<\/p>\n\n\n\n<p class=\"wp-block-paragraph\"><strong>El diario de la derecha es encabezado por el periodista y empresario espa\u00f1ol Javier Negre<\/strong>, socio de Cerimedo, quien trat\u00f3 de deslindarse del argentino, cuando este fue detenido, en Bolivia, acusado de intento de feminicidio de su pareja, la abogada Nadie Beller.<\/p>\n\n\n\n<p class=\"wp-block-paragraph\">Pero Cerimedo, uno de los principales operadores de la injerencia estadounidense en Am\u00e9rica Latina, y en M\u00e9xico, era accionista de \u201cla derecha diario\u201d (cuya marca es propiedad de la empresa Madero Media Group) cuando fue detenido, lo que <strong>est\u00e1 documentado.<\/strong><\/p>\n\n\n\n<p class=\"wp-block-paragraph\"><strong>CONTRA SINALOA Y CONTRA M\u00c9XICO<\/strong><\/p>\n\n\n\n<p class=\"wp-block-paragraph\"><strong>La Derecha Diario se fund\u00f3 en Argentina<\/strong> (derechadiario.com.ar) precisamente por Fernando Cerimedo, y pronto cont\u00f3 con ediciones en Bolivia, Colombia, Ecuador, M\u00e9xico, Honduras, Rep\u00fablica Dominicana y Espa\u00f1a, tanto en ingl\u00e9s como en espa\u00f1ol (tambi\u00e9n circula en Israel y Estados Unidos).<\/p>\n\n\n\n<p class=\"wp-block-paragraph\">A trav\u00e9s de \u201cgranjas de bots\u201d en varios pa\u00edses, ese medio de la ultraderecha despliega la desinformaci\u00f3n, est\u00e1 lleno de noticias falsas y manipula la opini\u00f3n p\u00fablica.&nbsp;<\/p>\n\n\n\n<p class=\"wp-block-paragraph\"><strong>La consigna \u201cfuera Rocha\u201d, y otras en su contra, fueron impulsadas inicialmente por la Derecha Diario<\/strong> y luego incorporadas por la oposici\u00f3n prianredista en Sinaloa; adem\u00e1s, se propon\u00eda abiertamente convertir el \u201ccaso Sinaloa\u201d en ariete contra el gobierno de la presidenta Sheinbaum, lo que en realidad han hecho.<\/p>\n\n\n\n<p class=\"wp-block-paragraph\"><strong>LOS \u201cBOTS\u201d PARA CREAR CULPABLES<\/strong><\/p>\n\n\n\n<p class=\"wp-block-paragraph\"><strong>Toda la actividad de Cerimedo se relaciona con las campa\u00f1as negativas contra cualquier gobierno, o aspirantes al mismo, que seg\u00fan sus jefes de Washington sean de \u201cizquierda\u201d o \u201cprogresistas\u201d.<\/strong><\/p>\n\n\n\n<p class=\"wp-block-paragraph\">Con sus \u201cgranjas de bots\u201d, descubiertas en la detenci\u00f3n de Cerimedo, <strong>cotidianamente alimentan la difamaci\u00f3n y calumnias<\/strong> contra los objetivos designados por sus patrones en Washington, lo que ha quedado evidenciado luego de la detenci\u00f3n de Cerimedo.<\/p>\n\n\n\n<p class=\"wp-block-paragraph\"><strong>AL SERVICIO DEL INTERVENCIONISMO<\/strong><\/p>\n\n\n\n<p class=\"wp-block-paragraph\">Y no hay lugar para la ingenuidad: <\/p>\n\n\n\n<p class=\"wp-block-paragraph\"><strong>La derecha continental utiliza de manera intensiva las llamadas redes sociales, promueve la ingobernabilidad, trata de desestabilizar a los gobiernos<\/strong> que no le son afines al delincuente Trump y apunta a los objetivos se\u00f1alados por Estados Unidos.<\/p>\n\n\n\n<p class=\"wp-block-paragraph\">Como escrib\u00ed hace unas semanas \u00bfPruebas? \u00bfpara qu\u00e9, si se tiene el poder y hay quienes lo sigan?&nbsp;<\/p>\n\n\n\n<p class=\"wp-block-paragraph\"><strong>Ese es, sin asomo de duda, el origen de la infamia contra Rocha Moya<\/strong>, fraguada en Estados Unidos con la complicidad del prianredismo, por m\u00e1s que se quiera ocultar.&nbsp;<\/p>\n\n\n\n<p class=\"wp-block-paragraph\"><strong>LA INFAME RED, AL DESCUBIERTO<\/strong><\/p>\n\n\n\n<p class=\"wp-block-paragraph\">Cerimedo, como est\u00e1 documentado, es tambi\u00e9n socio del argentino-estadunidense Dami\u00e1n Merlo, propietario de la firma Latin America Advisory Group (LAAG), con sede en Miami.<\/p>\n\n\n\n<p class=\"wp-block-paragraph\"><strong>Las gestiones de esa firma est\u00e1n consignadas en las oficinas del Congreso<\/strong> y del Poder Ejecutivo estadunidense, <strong>como lo ordena la Ley de Registro de Agentes Extranjeros<\/strong> (Foreign Agents Registration Act, FARA) en ese pa\u00eds.&nbsp;<\/p>\n\n\n\n<p class=\"wp-block-paragraph\"><strong>No hay forma de ocultarlo<\/strong>:<\/p>\n\n\n\n<p class=\"wp-block-paragraph\">La red Cerimedo, Negre, Merlo, tiene su sede en Washington y Miami \u00bfLa seguir\u00e1 avalando la derecha mexicana y sus ep\u00edgonos? Lo m\u00e1s probable es que s\u00ed.\u00a0<\/p>\n\n\n\n<p class=\"wp-block-paragraph\">Pero el caso da para m\u00e1s (por ejemplo: <strong>la relaci\u00f3n Salinas Pliego-La Derecha Diario).<\/strong><\/p>\n\n\n\n<p class=\"wp-block-paragraph\"><strong>EN EL TINTERO<\/strong><\/p>\n\n\n\n<p class=\"wp-block-paragraph\">&nbsp;-Como bien dice Luis Guillermo Hern\u00e1ndez,<strong> \u201cel silencio absoluto de la Prensa Mexicana<\/strong>,&nbsp; en torno del caso del estratega digital de ultraderecha Fernando Cerimedo, detenido en Bolivia y acusado de narcotr\u00e1fico, delincuencia organizada e intento de feminicidio, puede deberse <strong>la presi\u00f3n de EU sobre los due\u00f1os de los Medios, o a su COMPLICIDAD<\/strong> e involucramiento en la red internacional de <strong>MENTIRAS<\/strong> que cre\u00f3 la Ultraderecha contra los gobiernos leg\u00edtimamente constituidos de Izquierda\u201d.<\/p>\n\n\n\n<p class=\"wp-block-paragraph\"><strong>Y, en efecto, \u201cambas hip\u00f3tesis son preocupantes y muy graves\u201d.<\/strong> <\/p>\n\n\n\n<p class=\"wp-block-paragraph\">(cano.1979@live.com)<\/p>\n\n\n\n<p class=\"wp-block-paragraph\"><\/p>\n","protected":false},"excerpt":{"rendered":"<p>En M\u00e9xico, ten\u00eda a su servicio al medio La Derecha Diario<\/p>\n","protected":false},"author":19,"featured_media":5201,"comment_status":"open","ping_status":"open","sticky":false,"template":"","format":"standard","meta":{"om_disable_all_campaigns":false,"_monsterinsights_skip_tracking":false,"_uf_show_specific_survey":0,"_uf_disable_surveys":false,"site-sidebar-layout":"default","site-content-layout":"","ast-site-content-layout":"default","site-content-style":"default","site-sidebar-style":"default","ast-global-header-display":"","ast-banner-title-visibility":"","ast-main-header-display":"","ast-hfb-above-header-display":"","ast-hfb-below-header-display":"","ast-hfb-mobile-header-display":"","site-post-title":"","ast-breadcrumbs-content":"","ast-featured-img":"","footer-sml-layout":"","theme-transparent-header-meta":"","adv-header-id-meta":"","stick-header-meta":"","header-above-stick-meta":"","header-main-stick-meta":"","header-below-stick-meta":"","astra-migrate-meta-layouts":"set","ast-page-background-enabled":"default","ast-page-background-meta":{"desktop":{"background-color":"var(--ast-global-color-4)","background-image":"","background-repeat":"repeat","background-position":"center center","background-size":"auto","background-attachment":"scroll","background-type":"","background-media":"","overlay-type":"","overlay-color":"","overlay-opacity":"","overlay-gradient":""},"tablet":{"background-color":"","background-image":"","background-repeat":"repeat","background-position":"center center","background-size":"auto","background-attachment":"scroll","background-type":"","background-media":"","overlay-type":"","overlay-color":"","overlay-opacity":"","overlay-gradient":""},"mobile":{"background-color":"","background-image":"","background-repeat":"repeat","background-position":"center center","background-size":"auto","background-attachment":"scroll","background-type":"","background-media":"","overlay-type":"","overlay-color":"","overlay-opacity":"","overlay-gradient":""}},"ast-content-background-meta":{"desktop":{"background-color":"var(--ast-global-color-5)","background-image":"","background-repeat":"repeat","background-position":"center center","background-size":"auto","background-attachment":"scroll","background-type":"","background-media":"","overlay-type":"","overlay-color":"","overlay-opacity":"","overlay-gradient":""},"tablet":{"background-color":"var(--ast-global-color-5)","background-image":"","background-repeat":"repeat","background-position":"center center","background-size":"auto","background-attachment":"scroll","background-type":"","background-media":"","overlay-type":"","overlay-color":"","overlay-opacity":"","overlay-gradient":""},"mobile":{"background-color":"var(--ast-global-color-5)","background-image":"","background-repeat":"repeat","background-position":"center center","background-size":"auto","background-attachment":"scroll","background-type":"","background-media":"","overlay-type":"","overlay-color":"","overlay-opacity":"","overlay-gradient":""}},"footnotes":""},"categories":[4,7],"tags":[],"class_list":["post-5200","post","type-post","status-publish","format-standard","has-post-thumbnail","hentry","category-internacional","category-opinion"],"aioseo_notices":[],"views":4,"_links":{"self":[{"href":"https:\/\/vidapublicarevista.com\/index.php\/wp-json\/wp\/v2\/posts\/5200","targetHints":{"allow":["GET"]}}],"collection":[{"href":"https:\/\/vidapublicarevista.com\/index.php\/wp-json\/wp\/v2\/posts"}],"about":[{"href":"https:\/\/vidapublicarevista.com\/index.php\/wp-json\/wp\/v2\/types\/post"}],"author":[{"embeddable":true,"href":"https:\/\/vidapublicarevista.com\/index.php\/wp-json\/wp\/v2\/users\/19"}],"replies":[{"embeddable":true,"href":"https:\/\/vidapublicarevista.com\/index.php\/wp-json\/wp\/v2\/comments?post=5200"}],"version-history":[{"count":1,"href":"https:\/\/vidapublicarevista.com\/index.php\/wp-json\/wp\/v2\/posts\/5200\/revisions"}],"predecessor-version":[{"id":5202,"href":"https:\/\/vidapublicarevista.com\/index.php\/wp-json\/wp\/v2\/posts\/5200\/revisions\/5202"}],"wp:featuredmedia":[{"embeddable":true,"href":"https:\/\/vidapublicarevista.com\/index.php\/wp-json\/wp\/v2\/media\/5201"}],"wp:attachment":[{"href":"https:\/\/vidapublicarevista.com\/index.php\/wp-json\/wp\/v2\/media?parent=5200"}],"wp:term":[{"taxonomy":"category","embeddable":true,"href":"https:\/\/vidapublicarevista.com\/index.php\/wp-json\/wp\/v2\/categories?post=5200"},{"taxonomy":"post_tag","embeddable":true,"href":"https:\/\/vidapublicarevista.com\/index.php\/wp-json\/wp\/v2\/tags?post=5200"}],"curies":[{"name":"wp","href":"https:\/\/api.w.org\/{rel}","templated":true}]}}