{"id":4771,"date":"2026-05-01T23:08:36","date_gmt":"2026-05-01T23:08:36","guid":{"rendered":"https:\/\/vidapublicarevista.com\/?p=4771"},"modified":"2026-05-01T23:08:37","modified_gmt":"2026-05-01T23:08:37","slug":"un-dia-del-trabajo","status":"publish","type":"post","link":"https:\/\/vidapublicarevista.com\/index.php\/2026\/05\/01\/un-dia-del-trabajo\/","title":{"rendered":"Un d\u00eda del Trabajo"},"content":{"rendered":"\n<p><\/p>\n\n\n\n<p><strong>Culiac\u00e1n, Sinaloa, 01 de mayo 2026<\/strong>. <\/p>\n\n\n\n<p>En la d\u00e9cada de los 80 del siglo XIX, las condiciones laborales de los trabajadores en todo el mundo eran deplorables. <\/p>\n\n\n\n<p><strong>Era com\u00fan el trabajo infantil y las jornadas fluctuaban entre 12 y 16 horas diarias.<\/strong><\/p>\n\n\n\n<p>En noviembre de 1884 tuvo lugar, en la ciudad de Chicago, el IV Congreso de la Federaci\u00f3n Americana del Trabajo (AFL, por sus siglas en ingl\u00e9s: <\/p>\n\n\n\n<p>American Federation of Labor) donde surgi\u00f3 la propuesta de que, a partir del primero de mayo de 1886, la jornada se redujera a ocho horas y se obligara a los patronos a respetarla.<\/p>\n\n\n\n<p>De lo contrario, advirti\u00f3 el Congreso, los obreros se ir\u00edan a la huelga general. <\/p>\n\n\n\n<p>La propuesta fue difundida por todo el pa\u00eds en m\u00edtines y <strong>concentraciones que preocuparon al gobierno federal de los Estados Unidos.<\/strong><\/p>\n\n\n\n<p><strong>LOS PATRONES CONTRA<\/strong> <strong>LA REDUCCI\u00d3N DE LA JORNADA<\/strong><\/p>\n\n\n\n<p>En 1886, el entonces Presidente de los Estados Unidos, Andrew Johnson, se vio obligado a promulgar la \u201cLey Ingersoll\u201d, en la que se establec\u00eda la jornada de 8 horas diarias de trabajo, pero los patrones se negaron a cumplirla.<\/p>\n\n\n\n<p>Despu\u00e9s de intensas jornadas de difusi\u00f3n y llamados a la unidad obrera, <strong>el primero de mayo de 1886 los trabajadores determinaron que la disminuci\u00f3n de la jornada entraba en vigor<\/strong>. <\/p>\n\n\n\n<p>De nuevo, los patrones se negaron, pese a la ley promulgada, y estallaron m\u00e1s de cinco mil huelgas.\u00a0<\/p>\n\n\n\n<p>En Chicago, la oposici\u00f3n patronal a la reducci\u00f3n de la jornada laboral era intensa y se dio el caso de que <strong>el peri\u00f3dico The Chicago Tribune public\u00f3 el siguiente comentario: <\/strong><\/p>\n\n\n\n<p><strong>\u201cEl plomo es la mejor alimentaci\u00f3n de los huelguistas\u201d.<\/strong> <\/p>\n\n\n\n<p>Otros sectores llamaban a la represi\u00f3n de la huelga y exig\u00edan que se enviara a prisi\u00f3n a los l\u00edderes del movimiento.<\/p>\n\n\n\n<p>De acuerdo con las fuentes hist\u00f3ricas, en Chicago los trabajadores de la f\u00e1brica McCormik se pusieron en huelga m\u00e1s de dos meses antes del primero de mayo, y menudeaban los enfrentamientos con sus patronos y rompehuelgas que eran contratados por los due\u00f1os de las f\u00e1bricas.<\/p>\n\n\n\n<p><strong>EN LA PLAZA HAYMARKET<\/strong><\/p>\n\n\n\n<p>El primero de mayo de 1886 se produjo un choque particularmente violento; en la Haymarket Square de Chicago, el d\u00eda 2 intervino la polic\u00eda tratando de dispersar a m\u00e1s de 50 mil manifestantes.&nbsp;<\/p>\n\n\n\n<p><strong>La confrontaci\u00f3n se prolong\u00f3 hasta el 4 de mayo<\/strong>, d\u00eda en que la explosi\u00f3n de una bomba, atribuida a los dirigentes obreros, produjo la muerte de seis polic\u00edas.<\/p>\n\n\n\n<p>Las investigaciones posteriores no lograron fincar plena responsabilidad de los dirigentes acusados.&nbsp;<\/p>\n\n\n\n<p><strong>Cuando el mitin estaba en su apogeo, entr\u00f3 la polic\u00eda a dispersarlos<\/strong>. <\/p>\n\n\n\n<p>Estall\u00f3 la bomba al paso de los gendarmes y seis de ellos murieron.<\/p>\n\n\n\n<p>La polic\u00eda, enardecida por sus bajas, arremeti\u00f3 contra los manifestantes matando a 38 de ellos y se reportaron 115 heridos. Millares fueron detenidos, entre ellos los principales dirigentes del movimiento huelgu\u00edstico que ser\u00edan sometidos a juicio.&nbsp;<\/p>\n\n\n\n<p><strong>A MUERTE POR DEFENDER SUS DERECHOS<\/strong><\/p>\n\n\n\n<p><strong>El 20 de agosto de 1886 fueron condenados a muerte<\/strong> los dirigentes Albert Parsons, estadounidense, de 39 a\u00f1os; August Spies, alem\u00e1n, de 31 a\u00f1os; Adolph Fischer, alem\u00e1n, de 30 a\u00f1os y Georg Engel, alem\u00e1n, de 50 a\u00f1os. <\/p>\n\n\n\n<p>Los tres primeros eran periodistas y el cuarto era tip\u00f3grafo. Los cuatro fueron ahorcados el 11 de noviembre de 1887.<\/p>\n\n\n\n<p>De los dem\u00e1s l\u00edderes, Louis Linng, alem\u00e1n, de 22 a\u00f1os, de oficio carpintero, se suicid\u00f3 durante el juicio en su celda; a Michael Swabb, alem\u00e1n de 33 a\u00f1os, tip\u00f3grafo, y Samuel Bielden, ingl\u00e9s de 39 a\u00f1os, pastor metodista y obrero textil, se les conmut\u00f3 la pena de muerte por cadena perpetua y Oscar Neebe, estadounidense de 36 a\u00f1os, vendedor, fue condenado a 15 a\u00f1os de trabajos forzados.<\/p>\n\n\n\n<p><strong>EL RELATO DE MART\u00cd<\/strong><\/p>\n\n\n\n<p>Jos\u00e9 Mart\u00ed era corresponsal en Chicago del diario \u201cLa Naci\u00f3n\u201d, de Buenos Aires, Argentina, estuvo presente el d\u00eda de la ejecuci\u00f3n y escribi\u00f3 la siguiente cr\u00f3nica:<\/p>\n\n\n\n<p><em>\u201c&#8230;Salen de sus celdas. Se dan la mano, sonr\u00eden. Les leen la sentencia, les sujetan las manos por la espalda con esposas plateadas, les ci\u00f1en los brazos al cuerpo con una faja de cuero y les ponen una mortaja blanca como la t\u00fanica de los catec\u00famenos cristianos&#8230; <\/em><\/p>\n\n\n\n<p><em>Abajo la concurrencia sentada en hilera de sillas delante del cadalso como en un teatro&#8230; <\/em><\/p>\n\n\n\n<p><em>Plegaria es el rostro de Spies, firmeza el de Fischer, orgullo el del Parsons, Engel hace un chiste a prop\u00f3sito de su capucha, Spies grita que la voz que vais a sofocar ser\u00e1 m\u00e1s poderosa en el futuro que cuantas palabras pudiera yo decir ahora&#8230; <\/em><\/p>\n\n\n\n<p><em>Los encapuchan, luego una se\u00f1a, un ruido, la trampa cede, los cuatro cuerpos cuelgan y se balancean en una danza espantable&#8230;\u201d<\/em><\/p>\n\n\n\n<p><strong>DESDE PAR\u00cdS, 1889<\/strong><\/p>\n\n\n\n<p><strong>El primero de mayo de 1889, fue instituido el D\u00eda Internacional del Trabajador<\/strong>, en la calle Prele de Par\u00eds, durante el Congreso de la Asociaci\u00f3n Internacional de Sindicatos Europeos.<\/p>\n\n\n\n<p>A mediados del pasado siglo XX, en 1954, la Iglesia cat\u00f3lica, bajo el Papado de P\u00edo XII, declar\u00f3 el primero de mayo como festividad de San Jos\u00e9 obrero, lo que se consider\u00f3 un apoyo t\u00e1cito a las luchas proletarias.&nbsp;<\/p>\n\n\n\n<p>A pesar de los triunfos logrados (la jornada se redujo y las prestaciones aumentaron, aunque fuera relativamente) <strong>la situaci\u00f3n de los obreros durante el siglo XX, y hasta la fecha, sigue presentando marcados desfases y deterioro del nivel de vida<\/strong>.<\/p>\n\n\n\n<p>Incluso en Estados Unidos, despu\u00e9s del \u201csue\u00f1o americano\u201d, la situaci\u00f3n es cada vez m\u00e1s complicada. <\/p>\n\n\n\n<p>El sustento familiar ya no se logra con el ingreso de la cabeza de familia y es preciso que trabaje la mujer y se dupliquen jornadas de trabajo.\u00a0\u00a0<\/p>\n\n\n\n<p>Ahora<strong>, a 137 a\u00f1os de su instituci\u00f3n, el D\u00eda del Trabajo sigue siendo s\u00edmbolo de una lucha inacabada<\/strong>.&nbsp;<\/p>\n\n\n\n<p><strong>EN EL TINTERO<\/strong><\/p>\n\n\n\n<p>&#8211;<strong>La venganza<\/strong>: se encamina una investigaci\u00f3n por traici\u00f3n a M\u00e9xico en contra de la gobernadora de Chihuahua, por su complicidad con agentes de la CIA, y el gobierno gringo responde acusando pr\u00e1cticamente a todo Sinaloa, lo mismo que acostumbran cada vez que se ofrece, <strong>sin pruebas, como quedar\u00e1 en evidencia. Ya veremos qu\u00e9 sigue.<\/strong>&nbsp;<\/p>\n\n\n\n<p>&#8211;<strong>En este caso, es el gobierno mexicano el que est\u00e1 a prueba<\/strong>: responde defendiendo la soberan\u00eda y rechazando con la contundencia necesaria la calumnia gringa, o se somete a los deseos del <strong>trumprianismo<\/strong>.<\/p>\n\n\n\n<p>-Por lo pronto, es la hora de los traidores y los buitres de la mexicana pol\u00edtica. Dios los hace y ellos se juntan: PRI, PAN, MC, disidentes de la ganancia probable y los que se cuelguen.&nbsp;<\/p>\n\n\n\n<p>&#8211;<strong>La gobernadora de Chihuahua viol\u00f3 la Constituci\u00f3n<\/strong>, sin asomo de duda. \u00bfQu\u00e9 tanto? Es una cuesti\u00f3n ociosa, se trata de principios, de valores, algo que el prianismo desconoce por completo.<\/p>\n\n\n\n<p>&#8211; <strong>Y vergonzoso el papel de varios medios \u201cnacionales<\/strong>\u201d, dando vuelo a la versi\u00f3n gringa, sin cuestionar su origen ni motivos, aline\u00e1ndose con la consigna (se nota cuando no les pagan \u201cpublicidad\u201d). <\/p>\n\n\n\n<p>(Cano.1979@live.com).<\/p>\n\n\n\n<p><\/p>\n","protected":false},"excerpt":{"rendered":"<p>El D\u00eda del Trabajo sigue siendo s\u00edmbolo de una lucha inacabada.<\/p>\n","protected":false},"author":19,"featured_media":4772,"comment_status":"open","ping_status":"open","sticky":false,"template":"","format":"standard","meta":{"om_disable_all_campaigns":false,"_monsterinsights_skip_tracking":false,"_monsterinsights_sitenote_active":false,"_monsterinsights_sitenote_note":"","_monsterinsights_sitenote_category":0,"_uf_show_specific_survey":0,"_uf_disable_surveys":false,"site-sidebar-layout":"default","site-content-layout":"","ast-site-content-layout":"default","site-content-style":"default","site-sidebar-style":"default","ast-global-header-display":"","ast-banner-title-visibility":"","ast-main-header-display":"","ast-hfb-above-header-display":"","ast-hfb-below-header-display":"","ast-hfb-mobile-header-display":"","site-post-title":"","ast-breadcrumbs-content":"","ast-featured-img":"","footer-sml-layout":"","theme-transparent-header-meta":"","adv-header-id-meta":"","stick-header-meta":"","header-above-stick-meta":"","header-main-stick-meta":"","header-below-stick-meta":"","astra-migrate-meta-layouts":"set","ast-page-background-enabled":"default","ast-page-background-meta":{"desktop":{"background-color":"var(--ast-global-color-4)","background-image":"","background-repeat":"repeat","background-position":"center center","background-size":"auto","background-attachment":"scroll","background-type":"","background-media":"","overlay-type":"","overlay-color":"","overlay-opacity":"","overlay-gradient":""},"tablet":{"background-color":"","background-image":"","background-repeat":"repeat","background-position":"center center","background-size":"auto","background-attachment":"scroll","background-type":"","background-media":"","overlay-type":"","overlay-color":"","overlay-opacity":"","overlay-gradient":""},"mobile":{"background-color":"","background-image":"","background-repeat":"repeat","background-position":"center center","background-size":"auto","background-attachment":"scroll","background-type":"","background-media":"","overlay-type":"","overlay-color":"","overlay-opacity":"","overlay-gradient":""}},"ast-content-background-meta":{"desktop":{"background-color":"var(--ast-global-color-5)","background-image":"","background-repeat":"repeat","background-position":"center center","background-size":"auto","background-attachment":"scroll","background-type":"","background-media":"","overlay-type":"","overlay-color":"","overlay-opacity":"","overlay-gradient":""},"tablet":{"background-color":"var(--ast-global-color-5)","background-image":"","background-repeat":"repeat","background-position":"center center","background-size":"auto","background-attachment":"scroll","background-type":"","background-media":"","overlay-type":"","overlay-color":"","overlay-opacity":"","overlay-gradient":""},"mobile":{"background-color":"var(--ast-global-color-5)","background-image":"","background-repeat":"repeat","background-position":"center center","background-size":"auto","background-attachment":"scroll","background-type":"","background-media":"","overlay-type":"","overlay-color":"","overlay-opacity":"","overlay-gradient":""}},"footnotes":""},"categories":[2,7],"tags":[],"class_list":["post-4771","post","type-post","status-publish","format-standard","has-post-thumbnail","hentry","category-nacional","category-opinion"],"aioseo_notices":[],"views":4,"_links":{"self":[{"href":"https:\/\/vidapublicarevista.com\/index.php\/wp-json\/wp\/v2\/posts\/4771","targetHints":{"allow":["GET"]}}],"collection":[{"href":"https:\/\/vidapublicarevista.com\/index.php\/wp-json\/wp\/v2\/posts"}],"about":[{"href":"https:\/\/vidapublicarevista.com\/index.php\/wp-json\/wp\/v2\/types\/post"}],"author":[{"embeddable":true,"href":"https:\/\/vidapublicarevista.com\/index.php\/wp-json\/wp\/v2\/users\/19"}],"replies":[{"embeddable":true,"href":"https:\/\/vidapublicarevista.com\/index.php\/wp-json\/wp\/v2\/comments?post=4771"}],"version-history":[{"count":1,"href":"https:\/\/vidapublicarevista.com\/index.php\/wp-json\/wp\/v2\/posts\/4771\/revisions"}],"predecessor-version":[{"id":4773,"href":"https:\/\/vidapublicarevista.com\/index.php\/wp-json\/wp\/v2\/posts\/4771\/revisions\/4773"}],"wp:featuredmedia":[{"embeddable":true,"href":"https:\/\/vidapublicarevista.com\/index.php\/wp-json\/wp\/v2\/media\/4772"}],"wp:attachment":[{"href":"https:\/\/vidapublicarevista.com\/index.php\/wp-json\/wp\/v2\/media?parent=4771"}],"wp:term":[{"taxonomy":"category","embeddable":true,"href":"https:\/\/vidapublicarevista.com\/index.php\/wp-json\/wp\/v2\/categories?post=4771"},{"taxonomy":"post_tag","embeddable":true,"href":"https:\/\/vidapublicarevista.com\/index.php\/wp-json\/wp\/v2\/tags?post=4771"}],"curies":[{"name":"wp","href":"https:\/\/api.w.org\/{rel}","templated":true}]}}