{"id":4767,"date":"2026-05-01T23:01:11","date_gmt":"2026-05-01T23:01:11","guid":{"rendered":"https:\/\/vidapublicarevista.com\/?p=4767"},"modified":"2026-05-01T23:02:05","modified_gmt":"2026-05-01T23:02:05","slug":"las-psicologas-precarizadas-en-el-trabajo","status":"publish","type":"post","link":"https:\/\/vidapublicarevista.com\/index.php\/2026\/05\/01\/las-psicologas-precarizadas-en-el-trabajo\/","title":{"rendered":"LAS PSIC\u00d3LOGAS PRECARIZADAS EN EL TRABAJO"},"content":{"rendered":"\n<p><\/p>\n\n\n\n<p><em>SOMOS NUESTRA MEMORIA<\/em><\/p>\n\n\n\n<p>La lucha por los derechos laborales de las psic\u00f3logas en todo el pa\u00eds contin\u00faa como una deuda pendiente. <\/p>\n\n\n\n<p>La precarizaci\u00f3n es una realidad: para dar un ejemplo que afecta a miles de profesionales de la salud mental y sus familias, cerca del 70% de los psic\u00f3logos de la Secretar\u00eda de Salud trabajan como eventuales, aunque sus funciones corresponden a un puesto de base federal. <\/p>\n\n\n\n<p>Esto se traduce en salarios menores y en la ausencia de prestaciones que deber\u00edan ser un derecho. <\/p>\n\n\n\n<p>Su permanencia se encuentra a contentillo de la autoridad en turno.<\/p>\n\n\n\n<p><strong>La desigualdad en las condiciones laborales<\/strong><\/p>\n\n\n\n<p>El Tabulador de Sueldos y Salarios de la Secretar\u00eda de Salud establece un salario base para psic\u00f3logos cl\u00ednicos que, en la pr\u00e1ctica no se respeta, sobre todo por la jugosa recompensa de mantener precarizado al personal sin otorgar sus derechos y prestaciones completas.<\/p>\n\n\n\n<p>Quienes cuentan con base laboral reciben hasta 22 prestaciones laborales: aguinaldo, vacaciones, prima vacacional, fondo de ahorro, bonos de productividad, compensaciones por riesgo, est\u00edmulos por asistencia perfecta y puntualidad. <\/p>\n\n\n\n<p>Todo ello puede significar hasta un 40% m\u00e1s de ingreso respecto al sueldo base, pero al personal considerado como eventual no se le dan esos derechos.<\/p>\n\n\n\n<p>La pregunta es inevitable: \u00bfD\u00f3nde queda el dinero presupuestado para quienes siguen siendo eventuales? D\u00e9cadas de injusticia laboral han dejado a cientos de psic\u00f3logos sin acceso a esos recursos que les corresponden.<\/p>\n\n\n\n<p>En M\u00e9xico se encuentra institucionalizada la corrupci\u00f3n en los procesos de contrataci\u00f3n, buscan contratar a m\u00e1s personas pero con un puesto precarizado, as\u00ed quedan bien las autoridades y las personas que tienen derecho a una base no lo consiguen, porque se argumenta que falta personal, pero lo que falta es honestidad y organizaci\u00f3n presupuestal para hacer bien las cosas.&nbsp;<\/p>\n\n\n\n<p><strong>El mito de la \u201cterapia gratis\u201d<\/strong><\/p>\n\n\n\n<p>Existe la idea equivocada de que los psic\u00f3logos \u201csolo escuchan\u201d y que, por tanto, su trabajo deber\u00eda ser gratuito. <\/p>\n\n\n\n<p>Se olvida que detr\u00e1s de cada sesi\u00f3n hay a\u00f1os de formaci\u00f3n, inversi\u00f3n en pruebas psicom\u00e9tricas, gasto en investigaci\u00f3n de problemas psicopatol\u00f3gicos y desarrollo de intervenciones en comunidades vulnerables. <\/p>\n\n\n\n<p>Nuestra escucha es profesional, especializada y transformadora. No es com\u00fan ni corriente.<\/p>\n\n\n\n<p><strong>La precarizaci\u00f3n en universidades y salud p\u00fablica<\/strong><\/p>\n\n\n\n<p>En universidades privadas, los salarios son bajos y las condiciones laborales m\u00ednimas. <\/p>\n\n\n\n<p>En instituciones p\u00fablicas, como la Secretar\u00eda de Salud, la situaci\u00f3n es a\u00fan m\u00e1s grave: <\/p>\n\n\n\n<p>Psic\u00f3logos con 15 a\u00f1os de antig\u00fcedad siguen siendo considerados eventuales. <\/p>\n\n\n\n<p>Las promesas de basificaci\u00f3n hechas por los gobiernos han quedado en el aire, dejando una brecha de justicia laboral que nadie parece querer resolver.<\/p>\n\n\n\n<p><strong>La necesidad de organizaci\u00f3n<\/strong><\/p>\n\n\n\n<p>La precarizaci\u00f3n no es un problema individual, es un problema colectivo. <\/p>\n\n\n\n<p>Mientras los gobiernos se deslindan de responsabilidades y los sindicatos se ven limitados, los psic\u00f3logos seguimos siendo invisibles en la agenda laboral.<\/p>\n\n\n\n<p>Muchas personas entran sin concursos, solo con plazas que son vendidas en el mercado negro que sigue vigente, o tambi\u00e9n otorgadas a amigos de los funcionarios en curso, siendo una veta grande que el gobierno se niega a combatir.&nbsp;<\/p>\n\n\n\n<p>Por eso, hoy m\u00e1s que nunca, necesitamos unirnos. <\/p>\n\n\n\n<p>La organizaci\u00f3n colectiva entre profesionales de la salud mental es algo que tiene m\u00faltiples beneficios, como lo hemos conseguido en todos estos a\u00f1os, edificando un espacio para fortalecer nuestra voz, defender nuestros derechos y construir un futuro digno para la profesi\u00f3n.<\/p>\n\n\n\n<p>La uni\u00f3n es la \u00fanica v\u00eda para transformar la precariedad en justicia. No podemos seguir esperando que otros resuelvan lo que nos corresponde defender juntos.<\/p>\n\n\n\n<p><strong>La uni\u00f3n hace la fuerza<\/strong><\/p>\n\n\n\n<p>Si eres psic\u00f3loga y te reconoces en esta realidad, te invitamos a sumarte a la Asociaci\u00f3n Mexicana de Psicolog\u00eda y Desarrollo Comunitario. <\/p>\n\n\n\n<p>La fuerza de nuestra profesi\u00f3n est\u00e1 en la colectividad. <\/p>\n\n\n\n<p>Solo unidos podremos garantizar condiciones laborales dignas para quienes dedican su vida a cuidar la salud mental.<\/p>\n\n\n\n<p><strong>Causas y azares\u2026<\/strong><\/p>\n\n\n\n<ul class=\"wp-block-list\">\n<li>La respuesta de la presidenta al esc\u00e1ndalo de Ebrard es irrisoria, de <em>cringe<\/em> por algo que tiene obvia resoluci\u00f3n y que viniendo de alguien que administra 10 billones de pesos es por dem\u00e1s hist\u00f3rico.\u00a0<\/li>\n\n\n\n<li>Una de las grandes decepciones de los gobiernos de MORENA es que han metido en sus filas, o han dejado que se les cuelen (que es lo mismo), a oportunistas que hoy tienen una ideolog\u00eda de izquierda, ayer de derecha y ma\u00f1ana de la que haya.\u00a0<\/li>\n\n\n\n<li>\u00bfC\u00f3mo se le llama a un Auditor Superior de la Federaci\u00f3n que invita un desayuno de agradecimiento a diputados que lo eligieron, en medio de una pol\u00e9mica por su cercan\u00eda con la presidenta de M\u00e9xico y su exsecretario particular de ella?<\/li>\n<\/ul>\n\n\n\n<p>Hasta la pr\u00f3xima, que voy a morir y voy a cesar, y qu\u00e9 m\u00e1s puedo querer que eso, qu\u00e9 cosa m\u00e1s grata puede haber que la muerte, que se parece tanto al sue\u00f1o que es quiz\u00e1 lo m\u00e1s grato de la vida.<\/p>\n\n\n\n<p><a href=\"http:\/\/www.facebook.com\/psicologoclinicomexico\">www.facebook.com\/psicologoclinicomexico<\/a><\/p>\n\n\n\n<p><\/p>\n","protected":false},"excerpt":{"rendered":"<p>La fuerza de nuestra profesi\u00f3n est\u00e1 en la colectividad. <\/p>\n","protected":false},"author":16,"featured_media":4770,"comment_status":"open","ping_status":"open","sticky":false,"template":"","format":"standard","meta":{"om_disable_all_campaigns":false,"_monsterinsights_skip_tracking":false,"_monsterinsights_sitenote_active":false,"_monsterinsights_sitenote_note":"","_monsterinsights_sitenote_category":0,"_uf_show_specific_survey":0,"_uf_disable_surveys":false,"site-sidebar-layout":"default","site-content-layout":"","ast-site-content-layout":"default","site-content-style":"default","site-sidebar-style":"default","ast-global-header-display":"","ast-banner-title-visibility":"","ast-main-header-display":"","ast-hfb-above-header-display":"","ast-hfb-below-header-display":"","ast-hfb-mobile-header-display":"","site-post-title":"","ast-breadcrumbs-content":"","ast-featured-img":"","footer-sml-layout":"","theme-transparent-header-meta":"","adv-header-id-meta":"","stick-header-meta":"","header-above-stick-meta":"","header-main-stick-meta":"","header-below-stick-meta":"","astra-migrate-meta-layouts":"set","ast-page-background-enabled":"default","ast-page-background-meta":{"desktop":{"background-color":"var(--ast-global-color-4)","background-image":"","background-repeat":"repeat","background-position":"center center","background-size":"auto","background-attachment":"scroll","background-type":"","background-media":"","overlay-type":"","overlay-color":"","overlay-opacity":"","overlay-gradient":""},"tablet":{"background-color":"","background-image":"","background-repeat":"repeat","background-position":"center center","background-size":"auto","background-attachment":"scroll","background-type":"","background-media":"","overlay-type":"","overlay-color":"","overlay-opacity":"","overlay-gradient":""},"mobile":{"background-color":"","background-image":"","background-repeat":"repeat","background-position":"center center","background-size":"auto","background-attachment":"scroll","background-type":"","background-media":"","overlay-type":"","overlay-color":"","overlay-opacity":"","overlay-gradient":""}},"ast-content-background-meta":{"desktop":{"background-color":"var(--ast-global-color-5)","background-image":"","background-repeat":"repeat","background-position":"center center","background-size":"auto","background-attachment":"scroll","background-type":"","background-media":"","overlay-type":"","overlay-color":"","overlay-opacity":"","overlay-gradient":""},"tablet":{"background-color":"var(--ast-global-color-5)","background-image":"","background-repeat":"repeat","background-position":"center center","background-size":"auto","background-attachment":"scroll","background-type":"","background-media":"","overlay-type":"","overlay-color":"","overlay-opacity":"","overlay-gradient":""},"mobile":{"background-color":"var(--ast-global-color-5)","background-image":"","background-repeat":"repeat","background-position":"center center","background-size":"auto","background-attachment":"scroll","background-type":"","background-media":"","overlay-type":"","overlay-color":"","overlay-opacity":"","overlay-gradient":""}},"footnotes":""},"categories":[7,28],"tags":[],"class_list":["post-4767","post","type-post","status-publish","format-standard","has-post-thumbnail","hentry","category-opinion","category-psicologia"],"aioseo_notices":[],"views":6,"_links":{"self":[{"href":"https:\/\/vidapublicarevista.com\/index.php\/wp-json\/wp\/v2\/posts\/4767","targetHints":{"allow":["GET"]}}],"collection":[{"href":"https:\/\/vidapublicarevista.com\/index.php\/wp-json\/wp\/v2\/posts"}],"about":[{"href":"https:\/\/vidapublicarevista.com\/index.php\/wp-json\/wp\/v2\/types\/post"}],"author":[{"embeddable":true,"href":"https:\/\/vidapublicarevista.com\/index.php\/wp-json\/wp\/v2\/users\/16"}],"replies":[{"embeddable":true,"href":"https:\/\/vidapublicarevista.com\/index.php\/wp-json\/wp\/v2\/comments?post=4767"}],"version-history":[{"count":1,"href":"https:\/\/vidapublicarevista.com\/index.php\/wp-json\/wp\/v2\/posts\/4767\/revisions"}],"predecessor-version":[{"id":4769,"href":"https:\/\/vidapublicarevista.com\/index.php\/wp-json\/wp\/v2\/posts\/4767\/revisions\/4769"}],"wp:featuredmedia":[{"embeddable":true,"href":"https:\/\/vidapublicarevista.com\/index.php\/wp-json\/wp\/v2\/media\/4770"}],"wp:attachment":[{"href":"https:\/\/vidapublicarevista.com\/index.php\/wp-json\/wp\/v2\/media?parent=4767"}],"wp:term":[{"taxonomy":"category","embeddable":true,"href":"https:\/\/vidapublicarevista.com\/index.php\/wp-json\/wp\/v2\/categories?post=4767"},{"taxonomy":"post_tag","embeddable":true,"href":"https:\/\/vidapublicarevista.com\/index.php\/wp-json\/wp\/v2\/tags?post=4767"}],"curies":[{"name":"wp","href":"https:\/\/api.w.org\/{rel}","templated":true}]}}