{"id":4604,"date":"2026-03-13T19:14:21","date_gmt":"2026-03-13T19:14:21","guid":{"rendered":"https:\/\/vidapublicarevista.com\/?p=4604"},"modified":"2026-03-13T19:14:22","modified_gmt":"2026-03-13T19:14:22","slug":"aquella-voz-que-se-fue-2","status":"publish","type":"post","link":"https:\/\/vidapublicarevista.com\/index.php\/2026\/03\/13\/aquella-voz-que-se-fue-2\/","title":{"rendered":"Aquella voz que se fue"},"content":{"rendered":"\n<p><\/p>\n\n\n\n<p><strong>Culiac\u00e1n, Sinaloa, 13 de marzo 2026<\/strong>. <\/p>\n\n\n\n<p>Hoy, viernes 13 de marzo, aparte del recuerdo de uno o dos sobrevivientes, nadie m\u00e1s recordar\u00e1 el 82 aniversario de la fundaci\u00f3n del peri\u00f3dico vespertino \u201cLa Voz de Sinaloa\u201d, que dirigiera desde el principio y hasta el final Don Gustavo D. Ca\u00f1edo y <strong>cuyo ejemplar n\u00famero uno fue fechado el 13 de marzo de 1944<\/strong>.\u00a0<\/p>\n\n\n\n<p>Heberto Sinagawa consigna en su libro \u201cSinaloa: historia y destino\u201d que antes, en 1876 y hacia 1914, hubo otros peri\u00f3dicos con el mismo cabezal.&nbsp;<\/p>\n\n\n\n<p>\u201cLa Voz de Sinaloa\u201d (la de Don Gustavo) <strong>dejar\u00eda de circular en septiembre de 1977<\/strong>, por carecer su director y propietario de los recursos econ\u00f3micos necesarios para que sobreviviera <strong>el \u00f3rgano informativo m\u00e1s importante de Sinaloa en su historia reciente<\/strong>, reconocida cantera de periodistas y punto de referencia obligado en cualquier recuento serio que se haga al respecto.<\/p>\n\n\n\n<p>Parad\u00f3jicamente, al morir Don Gustavo (el 5 de mayo de 1979) se recibieron ofrendas florales y <strong>se publicaron esquelas cuyo costo rebasaba en mucho la cantidad que se requer\u00eda<\/strong> para que \u201cLa Voz\u201d no desapareciera.&nbsp;<\/p>\n\n\n\n<p>Acompa\u00f1\u00e9 a Don Gustavo en su lecho de muerte, en el velorio estuve unos instantes y al sepelio no fui, <strong>evitando la ronda hip\u00f3crita de pol\u00edticos y mercachifles.&nbsp;<\/strong><\/p>\n\n\n\n<p><strong>EL PERIODISMO AQUEL<\/strong><\/p>\n\n\n\n<p>Todav\u00eda en los primeros a\u00f1os de los 70 del siglo pasado (cuando ya la mayor\u00eda de los medios dispon\u00edan de t\u00e9cnicas modernas) para entrar a la primera plana de <strong>La<\/strong> <strong>Voz<\/strong> se ten\u00eda que haber transitado por el linotipo, el intertipo, la mesa de formaci\u00f3n, la de correcci\u00f3n, la ayudant\u00eda en la prensa plana; saber sacar pruebas, cabecear y, en suma, <strong>conocer todo el proceso desde la llegada de las notas hasta la impresi\u00f3n.<\/strong><\/p>\n\n\n\n<p><strong>El aprendiz de reportero deb\u00eda leer todos los peri\u00f3dicos locales<\/strong> antes de iniciar la jornada, cuando menos uno de los editados en el entonces Distrito Federal, hoy Ciudad de M\u00e9xico, y las dos principales revistas de circulaci\u00f3n nacional cada semana.&nbsp;<\/p>\n\n\n\n<p>El objetivo de ese ejercicio era <strong>que el reportero distinguiera los asuntos propios de su fuente<\/strong> local, llevara un seguimiento de los principales acontecimientos relacionados y pudiera proponer alguna vertiente noticiosa.<\/p>\n\n\n\n<p>Por lo general, <strong>el reportero novel se iniciaba en la \u201cnota roja\u201d<\/strong>, que se procesaba con base en los partes policiacos, una especie de boletines infumables, plagados de errores, cuya publicaci\u00f3n con frecuencia ocasionaba conflictos con los mencionados que no pocas veces se inconformaban. <\/p>\n\n\n\n<p>Las aclaraciones siempre se hac\u00edan, pero, debido al estilo personal de Don Gustavo, la mayor\u00eda prefer\u00eda que las cosas quedaran de ese tama\u00f1o.\u00a0<\/p>\n\n\n\n<p><strong>DE REPARTIDOR A COLUMNISTA<\/strong><\/p>\n\n\n\n<p>Despu\u00e9s, el reportero incursionaba en las p\u00e1ginas interiores y, si su trabajo llenaba los requisitos, de acuerdo con los par\u00e1metros de Don Gustavo, arribaba por fin a <strong>la ansiada primera plana<\/strong>. <\/p>\n\n\n\n<p>Los titulares, con grandes tipos en la portada, eran luego la meta cotidiana, competencia de por medio.<\/p>\n\n\n\n<p>La m\u00e1xima categor\u00eda se alcanzaba cuando al reportero se le permit\u00eda contar con un espacio de comentarios pol\u00edticos, an\u00e1lisis cr\u00edticos y reflexiones propias, es decir, ser columnista sin descargo de su trabajo informativo.&nbsp;<\/p>\n\n\n\n<p><strong>A la Voz llegu\u00e9, como reportero, en 1969<\/strong>, pero desde a\u00f1os antes fui repartidor y ayudante, y al a\u00f1o siguiente surgi\u00f3 <strong>la columna \u201cApunte\u201d, que va para 56 a\u00f1os<\/strong>.<\/p>\n\n\n\n<p><strong>LA DIVISA DE DON GUSTAVO<\/strong><\/p>\n\n\n\n<p>Para Don Gustavo, la formaci\u00f3n \u00e9tica, la insistencia en la gran responsabilidad del comunicador, sus ventajas y sus riesgos; <strong>la divisa de la honestidad y la rectitud<\/strong>; la consecuencia: <\/p>\n\n\n\n<p>En la nota, <strong>atenerse a los hechos<\/strong>; en la columna, <strong>decir lo que se piensa, analizar y evaluar, pero siempre con bases<\/strong>, era fundamental y as\u00ed trataba de transmitirlo en su particular visi\u00f3n.\u00a0<\/p>\n\n\n\n<p><strong>No abusar del privilegio<\/strong> que da el manejo de la informaci\u00f3n escrita, <strong>evitar el sensacionalismo<\/strong> por s\u00ed, <strong>despreciar el amarillismo<\/strong> y mejor conceder a la prudencia, a la mesura, porque, dec\u00eda Don Gustavo, \u201cuna mentada de madre se lee y circula hasta en un boleto de cami\u00f3n urbano\u201d. <\/p>\n\n\n\n<p>Eso es lo m\u00e1s f\u00e1cil, agregaba.<\/p>\n\n\n\n<p>La historia es mucho m\u00e1s amplia, pero dej\u00e9mosla as\u00ed. Vaya <strong>un abrazo a Don Gustavo, donde quiera que est\u00e9.<\/strong><\/p>\n\n\n\n<p><strong>EN EL TINTERO<\/strong><\/p>\n\n\n\n<p>&#8211; \u00bfQu\u00e9 es lo que \u201cdefienden\u201d en realidad los \u201ccomunicadores\u201d militantes de la desva\u00edda \u201coposici\u00f3n\u201d de los grandes medios? <\/p>\n\n\n\n<p><strong>Los privilegios sultanescos<\/strong> de que gozaban en todas partes del pa\u00eds, los sobres de dinero que recib\u00edan de estados, municipios y federaci\u00f3n. <\/p>\n\n\n\n<p><strong>Lo vimos directamente<\/strong> quienes tenemos d\u00e9cadas en este oficio.\u00a0<\/p>\n\n\n\n<p>&#8211; \u00bfCu\u00e1l sorpresa? En el fondo, y ni tanto, el PVEM, movimiento ciudadano, ahora el PT, coinciden con el Prianred\u00e9. M\u00e1s claro, ni el agua. <\/p>\n\n\n\n<p>-En columna anterior escrib\u00ed: \u201c<strong>Trump se adentra en aguas cuya profundidad no ha calculado\u201d. <\/strong><\/p>\n\n\n\n<p><strong>Se est\u00e1 viendo. <\/strong>(cano.1979@live.com).<\/p>\n","protected":false},"excerpt":{"rendered":"<p>Acompa\u00f1\u00e9 a Don Gustavo en su lecho de muerte.<\/p>\n","protected":false},"author":19,"featured_media":4605,"comment_status":"open","ping_status":"open","sticky":false,"template":"","format":"standard","meta":{"om_disable_all_campaigns":false,"_monsterinsights_skip_tracking":false,"_monsterinsights_sitenote_active":false,"_monsterinsights_sitenote_note":"","_monsterinsights_sitenote_category":0,"_uf_show_specific_survey":0,"_uf_disable_surveys":false,"site-sidebar-layout":"default","site-content-layout":"","ast-site-content-layout":"default","site-content-style":"default","site-sidebar-style":"default","ast-global-header-display":"","ast-banner-title-visibility":"","ast-main-header-display":"","ast-hfb-above-header-display":"","ast-hfb-below-header-display":"","ast-hfb-mobile-header-display":"","site-post-title":"","ast-breadcrumbs-content":"","ast-featured-img":"","footer-sml-layout":"","theme-transparent-header-meta":"","adv-header-id-meta":"","stick-header-meta":"","header-above-stick-meta":"","header-main-stick-meta":"","header-below-stick-meta":"","astra-migrate-meta-layouts":"set","ast-page-background-enabled":"default","ast-page-background-meta":{"desktop":{"background-color":"var(--ast-global-color-4)","background-image":"","background-repeat":"repeat","background-position":"center center","background-size":"auto","background-attachment":"scroll","background-type":"","background-media":"","overlay-type":"","overlay-color":"","overlay-opacity":"","overlay-gradient":""},"tablet":{"background-color":"","background-image":"","background-repeat":"repeat","background-position":"center center","background-size":"auto","background-attachment":"scroll","background-type":"","background-media":"","overlay-type":"","overlay-color":"","overlay-opacity":"","overlay-gradient":""},"mobile":{"background-color":"","background-image":"","background-repeat":"repeat","background-position":"center center","background-size":"auto","background-attachment":"scroll","background-type":"","background-media":"","overlay-type":"","overlay-color":"","overlay-opacity":"","overlay-gradient":""}},"ast-content-background-meta":{"desktop":{"background-color":"var(--ast-global-color-5)","background-image":"","background-repeat":"repeat","background-position":"center center","background-size":"auto","background-attachment":"scroll","background-type":"","background-media":"","overlay-type":"","overlay-color":"","overlay-opacity":"","overlay-gradient":""},"tablet":{"background-color":"var(--ast-global-color-5)","background-image":"","background-repeat":"repeat","background-position":"center center","background-size":"auto","background-attachment":"scroll","background-type":"","background-media":"","overlay-type":"","overlay-color":"","overlay-opacity":"","overlay-gradient":""},"mobile":{"background-color":"var(--ast-global-color-5)","background-image":"","background-repeat":"repeat","background-position":"center center","background-size":"auto","background-attachment":"scroll","background-type":"","background-media":"","overlay-type":"","overlay-color":"","overlay-opacity":"","overlay-gradient":""}},"footnotes":""},"categories":[3,7],"tags":[],"class_list":["post-4604","post","type-post","status-publish","format-standard","has-post-thumbnail","hentry","category-local","category-opinion"],"aioseo_notices":[],"views":14,"_links":{"self":[{"href":"https:\/\/vidapublicarevista.com\/index.php\/wp-json\/wp\/v2\/posts\/4604","targetHints":{"allow":["GET"]}}],"collection":[{"href":"https:\/\/vidapublicarevista.com\/index.php\/wp-json\/wp\/v2\/posts"}],"about":[{"href":"https:\/\/vidapublicarevista.com\/index.php\/wp-json\/wp\/v2\/types\/post"}],"author":[{"embeddable":true,"href":"https:\/\/vidapublicarevista.com\/index.php\/wp-json\/wp\/v2\/users\/19"}],"replies":[{"embeddable":true,"href":"https:\/\/vidapublicarevista.com\/index.php\/wp-json\/wp\/v2\/comments?post=4604"}],"version-history":[{"count":1,"href":"https:\/\/vidapublicarevista.com\/index.php\/wp-json\/wp\/v2\/posts\/4604\/revisions"}],"predecessor-version":[{"id":4606,"href":"https:\/\/vidapublicarevista.com\/index.php\/wp-json\/wp\/v2\/posts\/4604\/revisions\/4606"}],"wp:featuredmedia":[{"embeddable":true,"href":"https:\/\/vidapublicarevista.com\/index.php\/wp-json\/wp\/v2\/media\/4605"}],"wp:attachment":[{"href":"https:\/\/vidapublicarevista.com\/index.php\/wp-json\/wp\/v2\/media?parent=4604"}],"wp:term":[{"taxonomy":"category","embeddable":true,"href":"https:\/\/vidapublicarevista.com\/index.php\/wp-json\/wp\/v2\/categories?post=4604"},{"taxonomy":"post_tag","embeddable":true,"href":"https:\/\/vidapublicarevista.com\/index.php\/wp-json\/wp\/v2\/tags?post=4604"}],"curies":[{"name":"wp","href":"https:\/\/api.w.org\/{rel}","templated":true}]}}