{"id":4601,"date":"2026-03-13T04:01:00","date_gmt":"2026-03-13T04:01:00","guid":{"rendered":"https:\/\/vidapublicarevista.com\/?p=4601"},"modified":"2026-03-13T04:01:01","modified_gmt":"2026-03-13T04:01:01","slug":"avanti-popolo-no-hay-mal-que-por-bien-no-venga","status":"publish","type":"post","link":"https:\/\/vidapublicarevista.com\/index.php\/2026\/03\/13\/avanti-popolo-no-hay-mal-que-por-bien-no-venga\/","title":{"rendered":"\u00a1AVANTI POPOLO! NO HAY MAL QUE POR BIEN NO VENGA"},"content":{"rendered":"\n<p><\/p>\n\n\n\n<p>EL PLAN \u201cB\u201d DE SHEINBAUM: CONVERTIR EL REV\u00c9S LEGISLATIVO EN UN BUMERANG POLITICO.<\/p>\n\n\n\n<p>La conferencia ma\u00f1anera de hoy 12 de marzo fue algo m\u00e1s que un anuncio administrativo: dej\u00f3 una operaci\u00f3n pol\u00edtica en tiempo real; \u00eddem nuestro comentario&#8230;<\/p>\n\n\n\n<p>La presidenta Claudia Sheinbaum decidi\u00f3 nombrar lo ocurrido en la C\u00e1mara de Diputados no como una derrota legislativa, sino como punto de inflexi\u00f3n.<\/p>\n\n\n\n<p>Y en pol\u00edtica, la forma en que se nombra un hecho suele ser m\u00e1s importante que el hecho mismo.<\/p>\n\n\n\n<p>\u201cYo no negocio los privilegios, deben desaparecer\u201d \u201cYo no miento, no robo y no traiciono al pueblo; y es por eso que tenemos la confianza, la credibilidad y la aprobaci\u00f3n del pueblo\u201d<\/p>\n\n\n\n<p>El llamado Plan B aparece entonces como una jugada de reposicionamiento.<\/p>\n\n\n\n<p>No es una reforma constitucional \u2014esa puerta se cerr\u00f3 por falta de mayor\u00eda calificada\u2014, sino una estrategia de desplazamiento del campo de batalla.<\/p>\n\n\n\n<p>Cuando el Congreso no concede la arquitectura constitucional, el poder intenta redise\u00f1ar el tablero desde la legislaci\u00f3n secundaria y la arena de la opini\u00f3n p\u00fablica.<\/p>\n\n\n\n<p>En ese sentido, el Plan B tiene tres movimientos claramente identificables.<\/p>\n\n\n\n<p>El primero es reinstalar el argumento moral de la austeridad pol\u00edtica.<\/p>\n\n\n\n<p>Reducir costos de congresos locales, revisar privilegios legislativos y cuestionar el gasto del sistema electoral no es solamente una medida administrativa: es un mensaje pol\u00edtico dirigido al electorado.<\/p>\n\n\n\n<p>El gobierno intenta colocar a sus adversarios en una posici\u00f3n inc\u00f3moda: defender estructuras institucionales que, ante la opini\u00f3n p\u00fablica, pueden presentarse como costosas o burocr\u00e1ticas.<\/p>\n\n\n\n<p>El segundo movimiento consiste en trasladar el debate a la ciudadan\u00eda mediante consultas populares.<\/p>\n\n\n\n<p>Con ello se busca algo m\u00e1s que legitimidad: <\/p>\n\n\n\n<p>Se intenta convertir un conflicto parlamentario en un plebiscito pol\u00edtico. Es una t\u00e1ctica cl\u00e1sica del poder ejecutivo cuando el equilibrio legislativo limita sus reformas.<\/p>\n\n\n\n<p>El tercer componente \u2014quiz\u00e1 el m\u00e1s audaz\u2014 es la idea de adelantar la revocaci\u00f3n de mandato. <\/p>\n\n\n\n<p>Si se concreta, el gobierno no solo abrir\u00eda una v\u00e1lvula de evaluaci\u00f3n pol\u00edtica anticipada, sino que tambi\u00e9n colocar\u00eda a la oposici\u00f3n frente a un dilema estrat\u00e9gico: <\/p>\n\n\n\n<p>Oponerse a un mecanismo de participaci\u00f3n ciudadana o enfrentarse a una consulta donde el capital pol\u00edtico presidencial sigue siendo respetable; factor insoslayable.<\/p>\n\n\n\n<p>Dicho de otro modo: el Plan B no busca \u00fanicamente modificar leyes; busca reconfigurar el clima pol\u00edtico en el que esas leyes se discuten.<\/p>\n\n\n\n<p>Porque en realidad el episodio revela algo m\u00e1s profundo: revela una nueva correlaci\u00f3n de fuerzas del poder en M\u00e9xico.<\/p>\n\n\n\n<p>La mayor\u00eda legislativa del oficialismo sigue siendo amplia, pero ya no es suficiente para modificar la Constituci\u00f3n sin negociar.<\/p>\n\n\n\n<p>Eso significa que el gobierno deber\u00e1 aprender a operar en un terreno menos c\u00f3modo: el de las mayor\u00edas simples, la presi\u00f3n p\u00fablica y la construcci\u00f3n de consensos parciales.<\/p>\n\n\n\n<p>No es la primera vez que ocurre en la historia pol\u00edtica mexicana.<\/p>\n\n\n\n<p>Cuando las reformas estructurales se bloquean en el Congreso, los gobiernos de la 4T suelen recurrir a dos caminos: la legislaci\u00f3n secundaria o la legitimidad plebiscitaria.<\/p>\n\n\n\n<p>El Plan B intenta recorrer ambos. \u2014\u201csin satanizar a nadie por sus ideas pol\u00edticas\u201d<\/p>\n\n\n\n<p>La pregunta de fondo no es si el gobierno perdi\u00f3 una votaci\u00f3n.<\/p>\n\n\n\n<p>La pregunta es qu\u00e9 har\u00e1 con esa derrota.<\/p>\n\n\n\n<p>Y lo que se observ\u00f3 en la ma\u00f1anera sugiere que el Ejecutivo ha optado por una l\u00f3gica muy conocida en la pol\u00edtica contempor\u00e1nea: <\/p>\n\n\n\n<p>Convertir cada obst\u00e1culo institucional en una narrativa de confrontaci\u00f3n democr\u00e1tica, polarizando de cara al pueblo.<\/p>\n\n\n\n<p>Porque en el fondo, lo que est\u00e1 en disputa no es solamente una reforma electoral.<\/p>\n\n\n\n<p>Lo que est\u00e1 en juego es qui\u00e9n definir\u00e1 el relato de la democracia mexicana en los pr\u00f3ximos a\u00f1os.<\/p>\n\n\n\n<p>Y en pol\u00edtica \u2014como advert\u00eda Antonio Gramsci\u2014 el poder real no se ejerce solo en las instituciones, sino en \u201cla capacidad de construir sentido com\u00fan y apelar a el\u201d.<\/p>\n\n\n\n<p>El Plan B, en ese contexto, no es cacer\u00eda de brujas pero tampoco es retirada.<\/p>\n\n\n\n<p>Digamos que es un cambio de trinchera.<\/p>\n\n\n\n<p>Culiac\u00e1n Sin. 12 de marzo 2026.<\/p>\n","protected":false},"excerpt":{"rendered":"<p>El Plan B tiene tres movimientos claramente identificables.<\/p>\n","protected":false},"author":4,"featured_media":4602,"comment_status":"open","ping_status":"open","sticky":false,"template":"","format":"standard","meta":{"om_disable_all_campaigns":false,"_monsterinsights_skip_tracking":false,"_monsterinsights_sitenote_active":false,"_monsterinsights_sitenote_note":"","_monsterinsights_sitenote_category":0,"_uf_show_specific_survey":0,"_uf_disable_surveys":false,"site-sidebar-layout":"default","site-content-layout":"","ast-site-content-layout":"default","site-content-style":"default","site-sidebar-style":"default","ast-global-header-display":"","ast-banner-title-visibility":"","ast-main-header-display":"","ast-hfb-above-header-display":"","ast-hfb-below-header-display":"","ast-hfb-mobile-header-display":"","site-post-title":"","ast-breadcrumbs-content":"","ast-featured-img":"","footer-sml-layout":"","theme-transparent-header-meta":"","adv-header-id-meta":"","stick-header-meta":"","header-above-stick-meta":"","header-main-stick-meta":"","header-below-stick-meta":"","astra-migrate-meta-layouts":"set","ast-page-background-enabled":"default","ast-page-background-meta":{"desktop":{"background-color":"var(--ast-global-color-4)","background-image":"","background-repeat":"repeat","background-position":"center center","background-size":"auto","background-attachment":"scroll","background-type":"","background-media":"","overlay-type":"","overlay-color":"","overlay-opacity":"","overlay-gradient":""},"tablet":{"background-color":"","background-image":"","background-repeat":"repeat","background-position":"center center","background-size":"auto","background-attachment":"scroll","background-type":"","background-media":"","overlay-type":"","overlay-color":"","overlay-opacity":"","overlay-gradient":""},"mobile":{"background-color":"","background-image":"","background-repeat":"repeat","background-position":"center center","background-size":"auto","background-attachment":"scroll","background-type":"","background-media":"","overlay-type":"","overlay-color":"","overlay-opacity":"","overlay-gradient":""}},"ast-content-background-meta":{"desktop":{"background-color":"var(--ast-global-color-5)","background-image":"","background-repeat":"repeat","background-position":"center center","background-size":"auto","background-attachment":"scroll","background-type":"","background-media":"","overlay-type":"","overlay-color":"","overlay-opacity":"","overlay-gradient":""},"tablet":{"background-color":"var(--ast-global-color-5)","background-image":"","background-repeat":"repeat","background-position":"center center","background-size":"auto","background-attachment":"scroll","background-type":"","background-media":"","overlay-type":"","overlay-color":"","overlay-opacity":"","overlay-gradient":""},"mobile":{"background-color":"var(--ast-global-color-5)","background-image":"","background-repeat":"repeat","background-position":"center center","background-size":"auto","background-attachment":"scroll","background-type":"","background-media":"","overlay-type":"","overlay-color":"","overlay-opacity":"","overlay-gradient":""}},"footnotes":""},"categories":[2,7],"tags":[],"class_list":["post-4601","post","type-post","status-publish","format-standard","has-post-thumbnail","hentry","category-nacional","category-opinion"],"aioseo_notices":[],"views":11,"_links":{"self":[{"href":"https:\/\/vidapublicarevista.com\/index.php\/wp-json\/wp\/v2\/posts\/4601","targetHints":{"allow":["GET"]}}],"collection":[{"href":"https:\/\/vidapublicarevista.com\/index.php\/wp-json\/wp\/v2\/posts"}],"about":[{"href":"https:\/\/vidapublicarevista.com\/index.php\/wp-json\/wp\/v2\/types\/post"}],"author":[{"embeddable":true,"href":"https:\/\/vidapublicarevista.com\/index.php\/wp-json\/wp\/v2\/users\/4"}],"replies":[{"embeddable":true,"href":"https:\/\/vidapublicarevista.com\/index.php\/wp-json\/wp\/v2\/comments?post=4601"}],"version-history":[{"count":1,"href":"https:\/\/vidapublicarevista.com\/index.php\/wp-json\/wp\/v2\/posts\/4601\/revisions"}],"predecessor-version":[{"id":4603,"href":"https:\/\/vidapublicarevista.com\/index.php\/wp-json\/wp\/v2\/posts\/4601\/revisions\/4603"}],"wp:featuredmedia":[{"embeddable":true,"href":"https:\/\/vidapublicarevista.com\/index.php\/wp-json\/wp\/v2\/media\/4602"}],"wp:attachment":[{"href":"https:\/\/vidapublicarevista.com\/index.php\/wp-json\/wp\/v2\/media?parent=4601"}],"wp:term":[{"taxonomy":"category","embeddable":true,"href":"https:\/\/vidapublicarevista.com\/index.php\/wp-json\/wp\/v2\/categories?post=4601"},{"taxonomy":"post_tag","embeddable":true,"href":"https:\/\/vidapublicarevista.com\/index.php\/wp-json\/wp\/v2\/tags?post=4601"}],"curies":[{"name":"wp","href":"https:\/\/api.w.org\/{rel}","templated":true}]}}