{"id":4591,"date":"2026-03-11T18:54:08","date_gmt":"2026-03-11T18:54:08","guid":{"rendered":"https:\/\/vidapublicarevista.com\/?p=4591"},"modified":"2026-03-11T18:54:09","modified_gmt":"2026-03-11T18:54:09","slug":"avanti-popolo-el-consejo-nacional-de-morena","status":"publish","type":"post","link":"https:\/\/vidapublicarevista.com\/index.php\/2026\/03\/11\/avanti-popolo-el-consejo-nacional-de-morena\/","title":{"rendered":"\u00a1AVANTI POPOLO! EL CONSEJO NACIONAL DE MORENA"},"content":{"rendered":"\n<p><\/p>\n\n\n\n<p><strong>LLAMADO URGENTE AL ORDEN INTERNO.<\/strong><\/p>\n\n\n\n<p>En pol\u00edtica, los partidos no solo se definen por sus victorias electorales, sino por su capacidad para organizarse y adaptarse cuando pasan de ser movimientos sociales a erigirse en fuerza gobernante. <\/p>\n\n\n\n<p>La reciente sesi\u00f3n del Consejo Nacional del Movimiento Regeneraci\u00f3n Nacional\u00a0ilustra con claridad ese momento: <\/p>\n\n\n\n<p>Es una fase de consolidaci\u00f3n institucional orientada a fortalecer su vida interna y a proyectar estabilidad hacia el futuro pol\u00edtico del pa\u00eds.<\/p>\n\n\n\n<p>M\u00e1s all\u00e1 de los acuerdos formales, la asamblea nos dej\u00f3 ver un proceso natural en toda organizaci\u00f3n pol\u00edtica que ahora ejerce responsabilidades de gobierno: <\/p>\n\n\n\n<p>La necesidad de establecer reglas claras, de instrumentar mecanismos de coordinaci\u00f3n y criterios comunes que permitan, armonizar la pluralidad interna con los objetivos nacionales del proyecto pol\u00edtico.<\/p>\n\n\n\n<p>Uno de los ejes centrales fue el respaldo pol\u00edtico expresado hacia la presidenta Claudia Sheinbaum, entendido no solo como una manifestaci\u00f3n de apoyo institucional, sino como el lanzamiento de un mensaje de cohesi\u00f3n partidaria, en torno a la continuidad del proyecto de transformaci\u00f3n que actualmente encabeza el gobierno federal. <\/p>\n\n\n\n<p>En t\u00e9rminos pol\u00edticos, este acompa\u00f1amiento busca fortalecer la coordinaci\u00f3n entre partido y gobierno, en una etapa marcada por nuevas responsabilidades administrativas y legislativas.<\/p>\n\n\n\n<p>Asimismo, el Consejo Pol\u00edtico de Morena, avanz\u00f3 en la actualizaci\u00f3n de reglas internas para la selecci\u00f3n de candidaturas. La intenci\u00f3n es consolidar procesos cada vez m\u00e1s transparentes y ordenados, poniendo por delante, la trayectoria, el trabajo territorial y el compromiso con los principios del movimiento. <\/p>\n\n\n\n<p>Este tipo de ajustes refleja buena evoluci\u00f3n organizativa, y es propia de un partido que busca consolidar su presencia territorial y que ahora est\u00e1 viviendo procesos internos sumamente competidos.<\/p>\n\n\n\n<p>Otro de los acuerdos relevantes, fue la adopci\u00f3n de lineamientos orientados, a evitar pr\u00e1cticas que puedan generar la percepci\u00f3n de inequidad dentro de la competencia interna. Con ello, Morena busca fortalecer la confianza entre su militancia y reafirmar los principios de \u00e9tica partidista que ha sido discurso pol\u00edtico original.<\/p>\n\n\n\n<p>El fortalecimiento territorial tambi\u00e9n ocup\u00f3 un lugar central. <\/p>\n\n\n\n<p>A la luz de la reactivaci\u00f3n de sus estructuras locales, del intenso programa de afiliaci\u00f3n puesto en marcha y la creaci\u00f3n de los comit\u00e9s seccionales; apunta a mantener una relaci\u00f3n directa con la ciudadan\u00eda, elemento que ha sido clave en el crecimiento pol\u00edtico del movimiento y que, ahora se convierte en una herramienta para consolidar gobernabilidad y participaci\u00f3n social.<\/p>\n\n\n\n<p>Desde una perspectiva te\u00f3rica, este Partido Movimiento, nos recuerda las observaciones del pensador italiano Antonio Gramsci;\u00a0sobre la evoluci\u00f3n de los movimientos pol\u00edticos surgidos de la movilizaci\u00f3n social. <\/p>\n\n\n\n<p>Para Gramsci, los movimientos reformistas reivindicatorios nacen del desorden causado por la injusticia social, y suelen crecer mediante la organizaci\u00f3n colectiva desordenada, llegan a alcanzar el poder y se\u00a0convierten en la expresi\u00f3n de la nueva hegemon\u00eda pol\u00edtica.<\/p>\n\n\n\n<p>Posteriormente, atraviesan etapas de diferenciaci\u00f3n ideol\u00f3gica interna \u00a0\u2014 los progre tibios y buena ondita quedan atrapados a dos fuegos en un rasposo traslape\u2014 por la izquierda, los radicales que se reclaman progresistas puros; y por la derecha, los taimados y avezados oportunistas de la vieja \u201ccargada\u201d enfrascados en una lucha intestina burdamente disfrazada de debate, pero que no es otra cosa que la dial\u00e9ctica de su propia maduraci\u00f3n hist\u00f3rica.<\/p>\n\n\n\n<p>Porque lejos de representar una crisis, estas fases constituyen; los ciclos naturales de la reorganizaci\u00f3n, que suele sostener a los movimientos \u2014como un todo social indivisible\u2014en una din\u00e1mica de transformaci\u00f3n permanente. <\/p>\n\n\n\n<p>La pol\u00edtica democr\u00e1tica contempor\u00e1nea, traduce esas tensiones en competencia institucional, en deliberaci\u00f3n y construcci\u00f3n de consensos, en mecanismos que permiten canalizar las diferencias dentro de los cauces pol\u00edticos legislativos.<\/p>\n\n\n\n<p>En perspectiva pues, la sesi\u00f3n del Consejo Nacional de Morena, puede entenderse como un paso hacia la institucionalizaci\u00f3n plena del partido. <\/p>\n\n\n\n<p>Toda fuerza pol\u00edtica que alcanza posiciones mayoritarias, enfrenta el reto de transformar la energ\u00eda electoral en base de sustentaci\u00f3n permanente, capaz de sostener proyectos de largo plazo y procesar democr\u00e1ticamente su diversidad interna.<\/p>\n\n\n\n<p>As\u00ed pues, m\u00e1s que un evento coyuntural, la reuni\u00f3n refleja una etapa de maduraci\u00f3n pol\u00edtica. <\/p>\n\n\n\n<p>Morena busca transitar hacia esquemas de mayor orden interno y previsi\u00f3n pol\u00edtica, elementos indispensables para cualquier partido que aspire a mantener estabilidad, continuidad program\u00e1tica y capacidad de adaptaci\u00f3n dentro de un entorno democr\u00e1tico din\u00e1mico.<\/p>\n\n\n\n<p>El proceso apenas comienza, pero el mensaje es muy claro: se trata de consolidar estructuras hoy, para enfrentar con unidad los desaf\u00edos pol\u00edticos del ma\u00f1ana.<\/p>\n\n\n\n<p><strong>Y acaso ah\u00ed reside la clave hist\u00f3rica de todo movimiento pol\u00edtico duradero: <\/strong><\/p>\n\n\n\n<p><strong>Como lo advert\u00eda Gramsci, las etapas de reorganizaci\u00f3n no anuncian el agotamiento de un proyecto, sino su tr\u00e1nsito hacia una nueva forma de equilibrio.<\/strong><\/p>\n\n\n\n<p><strong>Cuando lo viejo lucha por acomodarse antes de morir; mientras lo nuevo aprende a gobernar: la pol\u00edtica deja de ser impulso para convertirse en direcci\u00f3n; deja de ser conquista y empieza a ser permanencia. <\/strong><\/p>\n\n\n\n<p><strong>En ese punto \u2014silencioso o ruidoso, pero decisivo\u2014 los movimientos descubren que la verdadera revoluci\u00f3n, no es el momento del ascenso, sino la capacidad de renovarse sin detener la marcha&#8230;<\/strong><\/p>\n","protected":false},"excerpt":{"rendered":"<p>Para Gramsci, los movimientos reformistas reivindicatorios nacen del desorden causado por la injusticia social.<\/p>\n","protected":false},"author":4,"featured_media":4592,"comment_status":"open","ping_status":"open","sticky":false,"template":"","format":"standard","meta":{"om_disable_all_campaigns":false,"_monsterinsights_skip_tracking":false,"_monsterinsights_sitenote_active":false,"_monsterinsights_sitenote_note":"","_monsterinsights_sitenote_category":0,"_uf_show_specific_survey":0,"_uf_disable_surveys":false,"site-sidebar-layout":"default","site-content-layout":"","ast-site-content-layout":"default","site-content-style":"default","site-sidebar-style":"default","ast-global-header-display":"","ast-banner-title-visibility":"","ast-main-header-display":"","ast-hfb-above-header-display":"","ast-hfb-below-header-display":"","ast-hfb-mobile-header-display":"","site-post-title":"","ast-breadcrumbs-content":"","ast-featured-img":"","footer-sml-layout":"","theme-transparent-header-meta":"","adv-header-id-meta":"","stick-header-meta":"","header-above-stick-meta":"","header-main-stick-meta":"","header-below-stick-meta":"","astra-migrate-meta-layouts":"set","ast-page-background-enabled":"default","ast-page-background-meta":{"desktop":{"background-color":"var(--ast-global-color-4)","background-image":"","background-repeat":"repeat","background-position":"center center","background-size":"auto","background-attachment":"scroll","background-type":"","background-media":"","overlay-type":"","overlay-color":"","overlay-opacity":"","overlay-gradient":""},"tablet":{"background-color":"","background-image":"","background-repeat":"repeat","background-position":"center center","background-size":"auto","background-attachment":"scroll","background-type":"","background-media":"","overlay-type":"","overlay-color":"","overlay-opacity":"","overlay-gradient":""},"mobile":{"background-color":"","background-image":"","background-repeat":"repeat","background-position":"center center","background-size":"auto","background-attachment":"scroll","background-type":"","background-media":"","overlay-type":"","overlay-color":"","overlay-opacity":"","overlay-gradient":""}},"ast-content-background-meta":{"desktop":{"background-color":"var(--ast-global-color-5)","background-image":"","background-repeat":"repeat","background-position":"center center","background-size":"auto","background-attachment":"scroll","background-type":"","background-media":"","overlay-type":"","overlay-color":"","overlay-opacity":"","overlay-gradient":""},"tablet":{"background-color":"var(--ast-global-color-5)","background-image":"","background-repeat":"repeat","background-position":"center center","background-size":"auto","background-attachment":"scroll","background-type":"","background-media":"","overlay-type":"","overlay-color":"","overlay-opacity":"","overlay-gradient":""},"mobile":{"background-color":"var(--ast-global-color-5)","background-image":"","background-repeat":"repeat","background-position":"center center","background-size":"auto","background-attachment":"scroll","background-type":"","background-media":"","overlay-type":"","overlay-color":"","overlay-opacity":"","overlay-gradient":""}},"footnotes":""},"categories":[2,7],"tags":[],"class_list":["post-4591","post","type-post","status-publish","format-standard","has-post-thumbnail","hentry","category-nacional","category-opinion"],"aioseo_notices":[],"views":15,"_links":{"self":[{"href":"https:\/\/vidapublicarevista.com\/index.php\/wp-json\/wp\/v2\/posts\/4591","targetHints":{"allow":["GET"]}}],"collection":[{"href":"https:\/\/vidapublicarevista.com\/index.php\/wp-json\/wp\/v2\/posts"}],"about":[{"href":"https:\/\/vidapublicarevista.com\/index.php\/wp-json\/wp\/v2\/types\/post"}],"author":[{"embeddable":true,"href":"https:\/\/vidapublicarevista.com\/index.php\/wp-json\/wp\/v2\/users\/4"}],"replies":[{"embeddable":true,"href":"https:\/\/vidapublicarevista.com\/index.php\/wp-json\/wp\/v2\/comments?post=4591"}],"version-history":[{"count":1,"href":"https:\/\/vidapublicarevista.com\/index.php\/wp-json\/wp\/v2\/posts\/4591\/revisions"}],"predecessor-version":[{"id":4593,"href":"https:\/\/vidapublicarevista.com\/index.php\/wp-json\/wp\/v2\/posts\/4591\/revisions\/4593"}],"wp:featuredmedia":[{"embeddable":true,"href":"https:\/\/vidapublicarevista.com\/index.php\/wp-json\/wp\/v2\/media\/4592"}],"wp:attachment":[{"href":"https:\/\/vidapublicarevista.com\/index.php\/wp-json\/wp\/v2\/media?parent=4591"}],"wp:term":[{"taxonomy":"category","embeddable":true,"href":"https:\/\/vidapublicarevista.com\/index.php\/wp-json\/wp\/v2\/categories?post=4591"},{"taxonomy":"post_tag","embeddable":true,"href":"https:\/\/vidapublicarevista.com\/index.php\/wp-json\/wp\/v2\/tags?post=4591"}],"curies":[{"name":"wp","href":"https:\/\/api.w.org\/{rel}","templated":true}]}}