{"id":3812,"date":"2025-03-24T20:20:33","date_gmt":"2025-03-24T20:20:33","guid":{"rendered":"https:\/\/vidapublicarevista.com\/?p=3812"},"modified":"2025-03-24T20:20:34","modified_gmt":"2025-03-24T20:20:34","slug":"el-acta-la-gazeta-y-el-espectador","status":"publish","type":"post","link":"https:\/\/vidapublicarevista.com\/index.php\/2025\/03\/24\/el-acta-la-gazeta-y-el-espectador\/","title":{"rendered":"El Acta, la Gazeta y el Espectador"},"content":{"rendered":"\n<p><\/p>\n\n\n\n<p><strong>Culiac\u00e1n, Sinaloa, 24 de marzo 2025<\/strong>. <\/p>\n\n\n\n<p>Desde los tiempos de Julio C\u00e9sar, la poblaci\u00f3n de Roma se mostraba interesada por saber de los asuntos que se refer\u00edan en al <em>Acta Diurna<\/em> y, <strong>con una mayor\u00eda de analfabetos (se calcula que alrededor del ochenta por ciento en la metr\u00f3poli y el 95 por ciento en las provincias)<\/strong> hab\u00eda quienes ped\u00edan a los que sab\u00edan leer que lo hicieran por ellos para enterarse de lo que pasaba.\u00a0<\/p>\n\n\n\n<p>Luego, adem\u00e1s de las tablillas y papiros que pocos sab\u00edan leer, surgieron los pregoneros, pagados por el Estado, que recorr\u00edan la ciudad, los Foros y las termas gritando las noticias.&nbsp;<\/p>\n\n\n\n<p><strong>Pronto, los negociantes vieron la conveniencia de aquello<\/strong> y contrataron por su parte a otros voceadores que anunciaban sus productos y ofertas, exagerando y prometiendo lo que no cumpl\u00edan, <strong>tal y como hoy sucede.<\/strong>&nbsp;<\/p>\n\n\n\n<p>Tambi\u00e9n hab\u00eda los que estaban al servicio de patricios y senadores que, del contenido de las tablillas, hac\u00edan resaltar obras y m\u00e9ritos de sus patrones y, si estos no eran muy atentos, o simplemente flojos, <strong>inventaban m\u00e9ritos para deleite de los imprudentes que les pagaban<\/strong>.&nbsp;<\/p>\n\n\n\n<p><strong>LAS GAZETA DE TEOFRASTO<\/strong><\/p>\n\n\n\n<p>M\u00e1s de mil 600 a\u00f1os despu\u00e9s (me salto la historia intermedia) surgi\u00f3 en Europa <strong><em>La Gazette de France<\/em><\/strong>, un&nbsp;peri\u00f3dico&nbsp;fundado el 30 de mayo de 1631\u200b por&nbsp;Teophraste Renaudot, gracias a la licencia concedida por parte de los reyes de Francia para publicarlo.&nbsp;<\/p>\n\n\n\n<p>Conviene destacar que <strong>esa licencia fue otorgada por el&nbsp;<\/strong><strong>Cardenal Richelieu<\/strong>, primer ministro del reinado de&nbsp;Luis XIII y, como era de esperar, la pol\u00edtica editorial de <em>La Gazette<\/em> estuvo ligada al poder y as\u00ed sigui\u00f3.<\/p>\n\n\n\n<p>\u201cLa Gazette\u201d tuvo larga vida y su \u00faltimo n\u00famero apareci\u00f3 el 29 de septiembre de 1915. \u200b<\/p>\n\n\n\n<p><strong>EL ESPECTADOR IMPARCIAL<\/strong><\/p>\n\n\n\n<p>Otro salto temporal y vayamos a <strong>la cuna del periodismo en la antigua Provincia de Sinaloa, del entonces Estado de Occidente.<\/strong>&nbsp;<\/p>\n\n\n\n<p>Fue en el Real de Minas de Cosal\u00e1 donde se public\u00f3 el primer peri\u00f3dico intitulado: <\/p>\n\n\n\n<p><em>El Espectador Imparcial<\/em>, descubierto en el mes de mayo de 1943, en el archivo del historiador Eustaquio Buelna, ejemplar que fue editado en la imprenta del supremo gobierno, en el a\u00f1o de 1827.\u00a0<\/p>\n\n\n\n<p>Hace cosa de cincuenta a\u00f1os me di a la tarea de investigar sobre el asunto (el producto est\u00e1 por ah\u00ed y es desde luego mucho m\u00e1s amplio) y conclu\u00ed que, aunque no se precisa la fecha exacta en que apareci\u00f3 su primer n\u00famero, por los sucesos a que se refiere, <strong>creo que apareci\u00f3 el d\u00eda 11 de febrero de 1827. <\/strong><\/p>\n\n\n\n<p><strong>Otras fuentes ubican la fecha en el d\u00eda 15 del mismo mes.<\/strong><\/p>\n\n\n\n<p><strong>DE RICHELIEU A IRIARTE<\/strong><\/p>\n\n\n\n<p><strong>La primera imprenta lleg\u00f3 al Estado Interno de Occidente en 1825<\/strong> y, por \u00f3rdenes del entonces gobernador, Francisco Iriarte Conde, se llev\u00f3 a Cosal\u00e1, donde se imprimi\u00f3 <em>El Espectador Imparcial, <\/em>que constaba de una sola p\u00e1gina, bajo la direcci\u00f3n de Jos\u00e9 Felipe G\u00f3mez.<\/p>\n\n\n\n<p>Sobra aclarar que aquel medio <strong>no era simple espectador y tampoco imparcial<\/strong>, dada su dependencia de la oficialidad de entonces. <\/p>\n\n\n\n<p>As\u00ed comenz\u00f3 el oficio period\u00edstico en lo que hoy es nuestro estado.<\/p>\n\n\n\n<p>Como lo que hoy es <strong>el estado de Sinaloa esteba integrado en el Estado de Occidente<\/strong> (Sonora y Sinaloa) hay quienes ponen en cuesti\u00f3n que \u201cEl Espectador\u201d haya sido el primero de Sinaloa, pues en 1832, ya separados los estados de occidente, se edit\u00f3 en Culiac\u00e1n el peri\u00f3dico <em>Los Gracos<\/em>.<\/p>\n\n\n\n<p>Esa fue la pol\u00e9mica que tuve con <strong>el poeta Alejandro Hern\u00e1ndez Tyler<\/strong>, de clara inteligencia y gran cultura, quien siempre defendi\u00f3 a \u201cLos Gracos\u201d, como el primero.&nbsp;<\/p>\n\n\n\n<p>Por mi parte sigo apostando al \u201cEspectador Imparcial\u201d, pues Cosal\u00e1 est\u00e1 en Sinaloa.<\/p>\n\n\n\n<p><strong>EN EL TINTERO<\/strong><\/p>\n\n\n\n<p>&#8211;<strong>Gazeta<\/strong>, con z, se considera de uso tradicional, obsoleto, seg\u00fan algunos, y <strong>gaceta<\/strong>, con c, es el t\u00e9rmino contempor\u00e1neo. <\/p>\n\n\n\n<p>Sin embargo, si la cabeza de un medio se pone con z, as\u00ed se le debe referir.\u00a0<\/p>\n\n\n\n<p>&#8211;<strong>El montaje de Teuchitl\u00e1n, rebasa el l\u00edmite de la perversidad \u201copositora<\/strong>\u201d, la m\u00e1s indigna de que se tenga memoria. Ni \u201ccampo de exterminio\u201d, ni \u201chornos crematorios\u201d, ni \u201ccementerio clandestino\u201d, nada de eso, solo centro de concentraci\u00f3n de reclutados mediante las redes.<\/p>\n\n\n\n<p>-Pero los \u201cmedios\u201d que militan en la \u201coposici\u00f3n\u201d no tuvieron empacho en propalar las infamias y siguen sin corregir sus patentes errores y mentiras.<\/p>\n\n\n\n<p>-Con o sin aranceles, <strong>M\u00e9xico tiene la capacidad suficiente<\/strong> para salir adelante, pero hay que poner en orden a los especuladores y a los sectores de la rapaz iniciativa privada que solo quieren pretextos para encarecer lo que sea.<\/p>\n\n\n\n<p>-Reitero, <strong>con el delincuente Trump y sus terroristas: confrontaci\u00f3n o sometimiento<\/strong>, no hay de otra. <\/p>\n\n\n\n<p>(cano.1979@live.com).<\/p>\n","protected":false},"excerpt":{"rendered":"<p>As\u00ed comenz\u00f3 el oficio period\u00edstico en lo que hoy es nuestro estado.<\/p>\n","protected":false},"author":19,"featured_media":3813,"comment_status":"open","ping_status":"open","sticky":false,"template":"","format":"standard","meta":{"om_disable_all_campaigns":false,"_monsterinsights_skip_tracking":false,"_monsterinsights_sitenote_active":false,"_monsterinsights_sitenote_note":"","_monsterinsights_sitenote_category":0,"_uf_show_specific_survey":0,"_uf_disable_surveys":false,"site-sidebar-layout":"default","site-content-layout":"","ast-site-content-layout":"default","site-content-style":"default","site-sidebar-style":"default","ast-global-header-display":"","ast-banner-title-visibility":"","ast-main-header-display":"","ast-hfb-above-header-display":"","ast-hfb-below-header-display":"","ast-hfb-mobile-header-display":"","site-post-title":"","ast-breadcrumbs-content":"","ast-featured-img":"","footer-sml-layout":"","theme-transparent-header-meta":"","adv-header-id-meta":"","stick-header-meta":"","header-above-stick-meta":"","header-main-stick-meta":"","header-below-stick-meta":"","astra-migrate-meta-layouts":"set","ast-page-background-enabled":"default","ast-page-background-meta":{"desktop":{"background-color":"var(--ast-global-color-4)","background-image":"","background-repeat":"repeat","background-position":"center center","background-size":"auto","background-attachment":"scroll","background-type":"","background-media":"","overlay-type":"","overlay-color":"","overlay-opacity":"","overlay-gradient":""},"tablet":{"background-color":"","background-image":"","background-repeat":"repeat","background-position":"center center","background-size":"auto","background-attachment":"scroll","background-type":"","background-media":"","overlay-type":"","overlay-color":"","overlay-opacity":"","overlay-gradient":""},"mobile":{"background-color":"","background-image":"","background-repeat":"repeat","background-position":"center center","background-size":"auto","background-attachment":"scroll","background-type":"","background-media":"","overlay-type":"","overlay-color":"","overlay-opacity":"","overlay-gradient":""}},"ast-content-background-meta":{"desktop":{"background-color":"var(--ast-global-color-5)","background-image":"","background-repeat":"repeat","background-position":"center center","background-size":"auto","background-attachment":"scroll","background-type":"","background-media":"","overlay-type":"","overlay-color":"","overlay-opacity":"","overlay-gradient":""},"tablet":{"background-color":"var(--ast-global-color-5)","background-image":"","background-repeat":"repeat","background-position":"center center","background-size":"auto","background-attachment":"scroll","background-type":"","background-media":"","overlay-type":"","overlay-color":"","overlay-opacity":"","overlay-gradient":""},"mobile":{"background-color":"var(--ast-global-color-5)","background-image":"","background-repeat":"repeat","background-position":"center center","background-size":"auto","background-attachment":"scroll","background-type":"","background-media":"","overlay-type":"","overlay-color":"","overlay-opacity":"","overlay-gradient":""}},"footnotes":""},"categories":[2,7],"tags":[],"class_list":["post-3812","post","type-post","status-publish","format-standard","has-post-thumbnail","hentry","category-nacional","category-opinion"],"aioseo_notices":[],"views":23,"_links":{"self":[{"href":"https:\/\/vidapublicarevista.com\/index.php\/wp-json\/wp\/v2\/posts\/3812","targetHints":{"allow":["GET"]}}],"collection":[{"href":"https:\/\/vidapublicarevista.com\/index.php\/wp-json\/wp\/v2\/posts"}],"about":[{"href":"https:\/\/vidapublicarevista.com\/index.php\/wp-json\/wp\/v2\/types\/post"}],"author":[{"embeddable":true,"href":"https:\/\/vidapublicarevista.com\/index.php\/wp-json\/wp\/v2\/users\/19"}],"replies":[{"embeddable":true,"href":"https:\/\/vidapublicarevista.com\/index.php\/wp-json\/wp\/v2\/comments?post=3812"}],"version-history":[{"count":1,"href":"https:\/\/vidapublicarevista.com\/index.php\/wp-json\/wp\/v2\/posts\/3812\/revisions"}],"predecessor-version":[{"id":3814,"href":"https:\/\/vidapublicarevista.com\/index.php\/wp-json\/wp\/v2\/posts\/3812\/revisions\/3814"}],"wp:featuredmedia":[{"embeddable":true,"href":"https:\/\/vidapublicarevista.com\/index.php\/wp-json\/wp\/v2\/media\/3813"}],"wp:attachment":[{"href":"https:\/\/vidapublicarevista.com\/index.php\/wp-json\/wp\/v2\/media?parent=3812"}],"wp:term":[{"taxonomy":"category","embeddable":true,"href":"https:\/\/vidapublicarevista.com\/index.php\/wp-json\/wp\/v2\/categories?post=3812"},{"taxonomy":"post_tag","embeddable":true,"href":"https:\/\/vidapublicarevista.com\/index.php\/wp-json\/wp\/v2\/tags?post=3812"}],"curies":[{"name":"wp","href":"https:\/\/api.w.org\/{rel}","templated":true}]}}