{"id":3651,"date":"2025-01-23T02:58:05","date_gmt":"2025-01-23T02:58:05","guid":{"rendered":"https:\/\/vidapublicarevista.com\/?p=3651"},"modified":"2025-01-23T02:58:06","modified_gmt":"2025-01-23T02:58:06","slug":"circo-y-balandronadas","status":"publish","type":"post","link":"https:\/\/vidapublicarevista.com\/index.php\/2025\/01\/23\/circo-y-balandronadas\/","title":{"rendered":"Circo y balandronadas"},"content":{"rendered":"\n<p><\/p>\n\n\n\n<p><strong>Culiac\u00e1n, Sinaloa, 23 de enero 2025.<\/strong> <\/p>\n\n\n\n<p>Regres\u00f3 Trump, delincuente fichado, y el deterioro cultural, educativo, pol\u00edtico y econ\u00f3mico en Estados Unidos se va a agudizar, ya lo ver\u00e1 Usted.\u00a0\u00a0<\/p>\n\n\n\n<p>Hemos dicho que <strong>el llamado \u201cprimer mundo\u201d deja de parecerlo en cuanto lo miras de cerca<\/strong>. El trayecto del deterioro evidente, en todos esos pa\u00edses, ha sido largo y penoso.&nbsp;<\/p>\n\n\n\n<p>En Estados Unidos, el <em>american dream<\/em>, que se empalm\u00f3 al <em>american way of life<\/em>, ya no es m\u00e1s que, acaso, el regreso al sue\u00f1o inicial que, ciertamente, tuvo referentes de concreci\u00f3n relativa.<\/p>\n\n\n\n<p>Pero la preeminencia de la l\u00f3gica de la ganancia a ultranza, el ego\u00edsmo consustancial al mundo del capital, <strong>la competencia para pasar sobre los dem\u00e1s<\/strong>, hizo efectiva la factura.<\/p>\n\n\n\n<p>Y <strong>no habr\u00e1 \u201cedad de oro\u201d con el delincuente Trump<\/strong>. Ya lo ver\u00e1.<\/p>\n\n\n\n<p><strong>LO QUE NO SE QUIERE VER<\/strong><\/p>\n\n\n\n<p>La sociolog\u00eda estadounidense, que tiende a justificar el sistema en que se mueve, prefiere \u201cexplicar\u201d lo que sucede con las reglas de la movilidad y otros <strong>\u201caccidentes\u201d insalvables en la l\u00f3gica capitalista.<\/strong><\/p>\n\n\n\n<p>Las contradicciones profundas, la inequidad que est\u00e1 en la base del sistema, simplemente se marginan.<\/p>\n\n\n\n<p>Pero el hecho es que las im\u00e1genes de aquel \u201cpara\u00edso\u201d, sobre todo en contraste con la realidad, cada vez se difuminan m\u00e1s, sin remedio a la vista.<\/p>\n\n\n\n<p>Trump, ahora en posesi\u00f3n de la presidencia, podr\u00e1 decir lo que quiera, pero <strong>la realidad le va a salir al paso.<\/strong><\/p>\n\n\n\n<p><strong>Y EN TODAS PARTES<\/strong><\/p>\n\n\n\n<p>Los centros de ayuda en el primer cuadro de Los \u00c1ngeles, las <em>mission<\/em>, varias abiertas las 24 horas, ya son insuficientes.<\/p>\n\n\n\n<p><strong>Toda comparaci\u00f3n suele ser mala<\/strong>, pero no se trata del viejo callej\u00f3n Manzanares, ni la Candelaria de otrora, tampoco una salida del metro Tacubaya, ni la periferia de Tepito o La Merced, en la Ciudad de M\u00e9xico, donde la \u201cradio bemba\u201d primermundista ubica a los despose\u00eddos del mundo debajo de su frontera sur.<\/p>\n\n\n\n<p>Se trata de <strong>lo que pasa a unas cuadras del primer cuadro angelino<\/strong>.<\/p>\n\n\n\n<p>Lo mismo en el Tenderloin de San Francisco, la Kensington de Filadelfia y los <em>Skid Row<\/em> en pr\u00e1cticamente todas las grandes ciudades del vecino pa\u00eds.\u00a0<\/p>\n\n\n\n<p>En todos esos lugares, a media banqueta y hasta en media calle, a la intemperie o en casas de campa\u00f1a, las 24 horas, est\u00e1n afroamericanos, latinos y <strong>cada vez m\u00e1s anglosajones,<\/strong> sobreviviendo; otros, <strong>traficando a la vista de todos.&nbsp;<\/strong><\/p>\n\n\n\n<p>De unos a\u00f1os ac\u00e1, los <em>skid row<\/em> y su miseria, material y humana, son parte del paisaje.<\/p>\n\n\n\n<p>El \u201csue\u00f1o americano\u201d, si alguna vez pas\u00f3 por ah\u00ed, ausente por completo.<\/p>\n\n\n\n<p><strong>AL TERCER MUNDO<\/strong><\/p>\n\n\n\n<p>En lo que toca a lo pol\u00edtico y social: \u201cbienvenidos al tercer mundo\u201d, escribimos cuando la primera elecci\u00f3n presidencial que \u201cgan\u00f3\u201d George W. Bush en Estados Unidos, cuestionada y en la duda a\u00fan la confiabilidad de aquel resultado.<\/p>\n\n\n\n<p>Tuvo que entrar al quite la Suprema Corte para que las cosas se apaciguaran, v\u00eda fallo inapelable.&nbsp;<\/p>\n\n\n\n<p>El desenlace de aquella elecci\u00f3n presidencial en Estados Unidos tuvo al menos dos consecuencias de primera importancia: <\/p>\n\n\n\n<p>Primero, el modelo democr\u00e1tico de ese pa\u00eds fue puesto, por primera vez de manera tajante y con referentes al canto, en entredicho tanto a nivel nacional como internacional.<\/p>\n\n\n\n<p>Segundo, y no menos importante, que lleg\u00f3 un presidente, Bush, sin la legitimaci\u00f3n requerida.<\/p>\n\n\n\n<p>Tiempo despu\u00e9s lleg\u00f3 Trump y, por cierto<strong>, cada vez m\u00e1s estadounidenses creen que hubo fraude en su inesperado triunfo.&nbsp;&nbsp;<\/strong><\/p>\n\n\n\n<p><strong>NO TIENEN DE QU\u00c9 PRESUMIR<\/strong><\/p>\n\n\n\n<p>Parece que no lo saben desva\u00eddos exponentes de la mexicana \u201coposici\u00f3n\u201d, pero si alguna muestra hay de <strong>gobiernos fallidos<\/strong> en el mundo, bien se puede empezar por <strong>Estados Unidos y Canad\u00e1<\/strong>, adem\u00e1s de la mayor\u00eda de Europa, el mal llamado \u201cprimer mundo\u201d.<\/p>\n\n\n\n<p>Los dos pa\u00edses del norte de M\u00e9xico <strong>viven tiempos de profunda descomposici\u00f3n social<\/strong>, con <strong>una subcultura pol\u00edtica alarmante<\/strong>, equ\u00edvoca y confusa; un sistema educativo con graves fallas, <strong>una desigualdad extrema<\/strong> que no permite a sus mayor\u00edas acceder a una vida digna y justa; decenas de miles sin casa, viviendo bajo puentes, en las calles; violencia desatada con v\u00edctimas inocentes, armamentismo imparable, racismo y xenofobia.<\/p>\n\n\n\n<p><strong>Sin duda, esos son gobiernos fallidos.<\/strong><\/p>\n\n\n\n<p><strong>Y ya lleg\u00f3 Trump, entre circo, excesos y balandronadas. Que siga la funci\u00f3n.<\/strong><\/p>\n\n\n\n<p><strong>EN EL TINTERO<\/strong><\/p>\n\n\n\n<p>-Bien lo dice la presidenta Sheinbaum \u201c<strong>M\u00e9xico no es colonia de nadie<\/strong>\u201d, pero lo era o casi con el Prian.<\/p>\n\n\n\n<p>-La tremenda oposici\u00f3n prianista tiene que organizar mejor sus \u201cprotestas\u201d, como la de los gritos del marat\u00f3n Culiac\u00e1n.&nbsp;<\/p>\n\n\n\n<p>-Por cierto, se necesita <strong>una mejor organizaci\u00f3n del marat\u00f3n<\/strong>. La ciudad no se puede paralizar por la ausencia de una coordinaci\u00f3n m\u00e1s eficaz. <\/p>\n\n\n\n<p>(cano.1979@live.com).<\/p>\n","protected":false},"excerpt":{"rendered":"<p>De unos a\u00f1os ac\u00e1, los skid row y su miseria, material y humana, son parte del paisaje.<\/p>\n","protected":false},"author":19,"featured_media":3652,"comment_status":"open","ping_status":"open","sticky":false,"template":"","format":"standard","meta":{"om_disable_all_campaigns":false,"_monsterinsights_skip_tracking":false,"_monsterinsights_sitenote_active":false,"_monsterinsights_sitenote_note":"","_monsterinsights_sitenote_category":0,"_uf_show_specific_survey":0,"_uf_disable_surveys":false,"site-sidebar-layout":"default","site-content-layout":"","ast-site-content-layout":"default","site-content-style":"default","site-sidebar-style":"default","ast-global-header-display":"","ast-banner-title-visibility":"","ast-main-header-display":"","ast-hfb-above-header-display":"","ast-hfb-below-header-display":"","ast-hfb-mobile-header-display":"","site-post-title":"","ast-breadcrumbs-content":"","ast-featured-img":"","footer-sml-layout":"","theme-transparent-header-meta":"","adv-header-id-meta":"","stick-header-meta":"","header-above-stick-meta":"","header-main-stick-meta":"","header-below-stick-meta":"","astra-migrate-meta-layouts":"set","ast-page-background-enabled":"default","ast-page-background-meta":{"desktop":{"background-color":"var(--ast-global-color-4)","background-image":"","background-repeat":"repeat","background-position":"center center","background-size":"auto","background-attachment":"scroll","background-type":"","background-media":"","overlay-type":"","overlay-color":"","overlay-opacity":"","overlay-gradient":""},"tablet":{"background-color":"","background-image":"","background-repeat":"repeat","background-position":"center center","background-size":"auto","background-attachment":"scroll","background-type":"","background-media":"","overlay-type":"","overlay-color":"","overlay-opacity":"","overlay-gradient":""},"mobile":{"background-color":"","background-image":"","background-repeat":"repeat","background-position":"center center","background-size":"auto","background-attachment":"scroll","background-type":"","background-media":"","overlay-type":"","overlay-color":"","overlay-opacity":"","overlay-gradient":""}},"ast-content-background-meta":{"desktop":{"background-color":"var(--ast-global-color-5)","background-image":"","background-repeat":"repeat","background-position":"center center","background-size":"auto","background-attachment":"scroll","background-type":"","background-media":"","overlay-type":"","overlay-color":"","overlay-opacity":"","overlay-gradient":""},"tablet":{"background-color":"var(--ast-global-color-5)","background-image":"","background-repeat":"repeat","background-position":"center center","background-size":"auto","background-attachment":"scroll","background-type":"","background-media":"","overlay-type":"","overlay-color":"","overlay-opacity":"","overlay-gradient":""},"mobile":{"background-color":"var(--ast-global-color-5)","background-image":"","background-repeat":"repeat","background-position":"center center","background-size":"auto","background-attachment":"scroll","background-type":"","background-media":"","overlay-type":"","overlay-color":"","overlay-opacity":"","overlay-gradient":""}},"footnotes":""},"categories":[4,7],"tags":[],"class_list":["post-3651","post","type-post","status-publish","format-standard","has-post-thumbnail","hentry","category-internacional","category-opinion"],"aioseo_notices":[],"views":28,"_links":{"self":[{"href":"https:\/\/vidapublicarevista.com\/index.php\/wp-json\/wp\/v2\/posts\/3651","targetHints":{"allow":["GET"]}}],"collection":[{"href":"https:\/\/vidapublicarevista.com\/index.php\/wp-json\/wp\/v2\/posts"}],"about":[{"href":"https:\/\/vidapublicarevista.com\/index.php\/wp-json\/wp\/v2\/types\/post"}],"author":[{"embeddable":true,"href":"https:\/\/vidapublicarevista.com\/index.php\/wp-json\/wp\/v2\/users\/19"}],"replies":[{"embeddable":true,"href":"https:\/\/vidapublicarevista.com\/index.php\/wp-json\/wp\/v2\/comments?post=3651"}],"version-history":[{"count":1,"href":"https:\/\/vidapublicarevista.com\/index.php\/wp-json\/wp\/v2\/posts\/3651\/revisions"}],"predecessor-version":[{"id":3653,"href":"https:\/\/vidapublicarevista.com\/index.php\/wp-json\/wp\/v2\/posts\/3651\/revisions\/3653"}],"wp:featuredmedia":[{"embeddable":true,"href":"https:\/\/vidapublicarevista.com\/index.php\/wp-json\/wp\/v2\/media\/3652"}],"wp:attachment":[{"href":"https:\/\/vidapublicarevista.com\/index.php\/wp-json\/wp\/v2\/media?parent=3651"}],"wp:term":[{"taxonomy":"category","embeddable":true,"href":"https:\/\/vidapublicarevista.com\/index.php\/wp-json\/wp\/v2\/categories?post=3651"},{"taxonomy":"post_tag","embeddable":true,"href":"https:\/\/vidapublicarevista.com\/index.php\/wp-json\/wp\/v2\/tags?post=3651"}],"curies":[{"name":"wp","href":"https:\/\/api.w.org\/{rel}","templated":true}]}}