{"id":3646,"date":"2025-01-20T19:47:42","date_gmt":"2025-01-20T19:47:42","guid":{"rendered":"https:\/\/vidapublicarevista.com\/?p=3646"},"modified":"2025-01-20T19:49:14","modified_gmt":"2025-01-20T19:49:14","slug":"entendiendo-la-depresion-causas-y-tratamientos","status":"publish","type":"post","link":"https:\/\/vidapublicarevista.com\/index.php\/2025\/01\/20\/entendiendo-la-depresion-causas-y-tratamientos\/","title":{"rendered":"ENTENDIENDO LA DEPRESI\u00d3N: CAUSAS Y TRATAMIENTOS\u00a0"},"content":{"rendered":"\n<p><\/p>\n\n\n\n<p>Somos Nuestra Memoria<\/p>\n\n\n\n<p>La depresi\u00f3n se ha posicionado como el tema principal de salud mental en las calles, por lo que es importante que hagamos el ejercicio de seguir desmitific\u00e1ndola: <\/p>\n\n\n\n<p>Todo lo que necesitas saber para enfrentarla, es b\u00e1sicamente entender el problema.<\/p>\n\n\n\n<p>El 13 de enero se conmemor\u00f3 el D\u00eda Mundial de Lucha contra la Depresi\u00f3n, un trastorno que incide significativamente en las tasas de mortalidad a nivel mundial y que en nuestra comunidad no ha logrado ser atendido por nuestras autoridades, justamente porque no son profesionales de su trabajo ni del nuestro; adem\u00e1s de que sus intereses en ocasiones se encuentran lejos de atender de manera genuina las necesidades sociales.<\/p>\n\n\n\n<p>La depresi\u00f3n, como bien lo tiene ubicado el gobierno, impacta a personas de todas las edades, sin embargo, son los adolescentes y las personas adultas mayores los grupos m\u00e1s afectados, con casi el 50 % de la poblaci\u00f3n con s\u00edntomas depresivos en alg\u00fan momento de sus vidas.<\/p>\n\n\n\n<p>\u00bfCu\u00e1les son los s\u00edntomas m\u00e1s comunes de la depresi\u00f3n?&nbsp;<\/p>\n\n\n\n<p>En general podemos incluir sentimientos persistentes de tristeza o \u201cvac\u00edo\u201d; de desesperanza o pesimismo; de irritabilidad o intranquilidad (aunque luego se confundan con otras patolog\u00edas); culpabilidad o impotencia; p\u00e9rdida de inter\u00e9s o de placer en las actividades y los pasatiempos; fatiga prolongada, disminuci\u00f3n de energ\u00eda o sensaci\u00f3n de lentitud; dificultad para concentrarse, recordar o tomar decisiones, para dormir, despert\u00e1ndote en la madrugada o durmiendo demasiado; cambios notorios en hambre o en el peso sin haberlo planificado; molestias, dolor de cabeza constante, calambres o problemas digestivos sin motivo f\u00edsico, o que no se alivian con un tratamiento m\u00e9dico; pensamientos de suicidio recurrentes, o intentos de suicidio.<\/p>\n\n\n\n<p>Yo siempre pregunto por el contexto y por las personas de las que se rodea quien cursa con depresi\u00f3n, ya que all\u00ed viene mucho del problema.<\/p>\n\n\n\n<p>\u00bfC\u00f3mo puedo reconocer la depresi\u00f3n en m\u00ed mismo o en un ser querido? <\/p>\n\n\n\n<p>En general las personas empiezan a sentir un dolor que no sent\u00edan antes, sus relaciones amorosas se ven afectadas, o en el trabajo no encuentra un buen resultado. <\/p>\n\n\n\n<p>Tambi\u00e9n, en la escuela existen problemas con las calificaciones o con los compa\u00f1eros, lo que habla de s\u00edntomas depresivos en el comportamiento.\u00a0<\/p>\n\n\n\n<p>Hace poco tuve la oportunidad de ofrecer una conferencia a trabajadores del programa federal Sembrando Vida, y les comentada lo siguiente:<\/p>\n\n\n\n<p><strong>\u00bfC\u00f3mo siento la depresi\u00f3n?<\/strong><\/p>\n\n\n\n<ul class=\"wp-block-list\">\n<li>Olvido y dificultad para recordar cosas<\/li>\n\n\n\n<li>Concentraci\u00f3n reducida<\/li>\n\n\n\n<li>Profundos sentimientos de tristeza<\/li>\n\n\n\n<li>P\u00e9rdida de inter\u00e9s en el trabajo o actividades sociales<\/li>\n\n\n\n<li>Dificultad para tomar decisiones<\/li>\n\n\n\n<li>P\u00e9rdida de energ\u00eda o mucha fatiga<\/li>\n\n\n\n<li>Cambios de peso o apetito<\/li>\n<\/ul>\n\n\n\n<p><strong>\u00bfC\u00f3mo ven mi depresi\u00f3n los dem\u00e1s?<\/strong><\/p>\n\n\n\n<ul class=\"wp-block-list\">\n<li>Me a\u00edslo del equipo<\/li>\n\n\n\n<li>Muestro apat\u00eda e indiferencia<\/li>\n\n\n\n<li>Olvido las tareas o fechas l\u00edmites<\/li>\n\n\n\n<li>Parezco distra\u00eddo<\/li>\n\n\n\n<li>Procrastinaci\u00f3n, indecisi\u00f3n y productividad lenta&nbsp;<\/li>\n\n\n\n<li>Llego tarde, me fatigo en las tardes, tengo mayor tendencia a accidentes<\/li>\n\n\n\n<li>Falta de confianza en mi mismo, inseguridad en mis habilidades<\/li>\n\n\n\n<li>Reacciones inapropiadas, relaciones tensas<\/li>\n\n\n\n<li>Cambios de apariencia<\/li>\n<\/ul>\n\n\n\n<p>\u00bfQu\u00e9 opciones de tratamiento est\u00e1n disponibles para abordar la depresi\u00f3n?<\/p>\n\n\n\n<p>Principalmente la psicoterapia y la medicaci\u00f3n son las dos terapias que mejoran a la persona de una depresi\u00f3n. <\/p>\n\n\n\n<p>En general yo siempre recomiendo ir con un psic\u00f3logo y que \u00e9l haga una valoraci\u00f3n de si puede atender esa depresi\u00f3n, o en su caso buscar otra opini\u00f3n profesional.\u00a0\u00a0<\/p>\n\n\n\n<p>\u00bfC\u00f3mo puedo buscar ayuda profesional?&nbsp;<\/p>\n\n\n\n<p>Primero hay que reconocer que todos somos vulnerables como seres humanos y que ir a terapia no es de d\u00e9biles, sino de inteligentes. Es fundamental la opini\u00f3n de un experto, ajeno a nuestro c\u00edrculo familiar o laboral. <\/p>\n\n\n\n<p>Buscar psic\u00f3logos con experiencia en tu problema es importante, ya que algunos se especializan en traumas, otros en ansiedad, otros en depresi\u00f3n, y as\u00ed un largo etc\u00e9tera. <\/p>\n\n\n\n<p>Un grupo experimentado de psic\u00f3logos cognitivo conductual, neuropsic\u00f3logos, psicoanalistas, gestaltistas, etc., puedes contactar en <a href=\"https:\/\/psicologiaydesarrollocomunitario.com\/\">https:\/\/psicologiaydesarrollocomunitario.com\/<\/a> donde la Uni\u00f3n Europea da de su parte para que ni\u00f1as y mujeres tengan atenci\u00f3n de calidad.\u00a0\u00a0\u00a0<\/p>\n\n\n\n<p><strong>Causas y azares\u2026<\/strong><\/p>\n\n\n\n<ul class=\"wp-block-list\">\n<li>Cuando quitan a un funcionario p\u00fablico para ascenderlo o correrlo, deber\u00edan de hacer una evaluaci\u00f3n seria para evitar que sigan robando, porque los quitan de un lado para seguir saqueando en otro con total impunidad, como en la Secretar\u00eda de Salud y sus jurisdicciones.<\/li>\n\n\n\n<li>No s\u00f3lo es la reducci\u00f3n del presupuesto en Salud Mental para 2025 por parte del gobierno, sino que descansan a las psic\u00f3logas en los Centros de Salud y no hay citas para la poblaci\u00f3n \u00bfentonces quien atiende?&nbsp;<\/li>\n\n\n\n<li>Las comunidades ind\u00edgenas se encuentran en deuda por temas de atenci\u00f3n de su poblaci\u00f3n, con niveles hist\u00f3ricos de alcoholismo y ahora desgraciadamente de drogas duras como el Fentanilo. Cuando uno pide tiene que dar, es algo que nos han ense\u00f1ado.&nbsp;<\/li>\n<\/ul>\n\n\n\n<p>Hasta la pr\u00f3xima, que no somos invulnerables como los Dioses. <\/p>\n\n\n\n<p>Conoce m\u00e1s en: <a href=\"https:\/\/linktr.ee\/psicologiaparati\">https:\/\/linktr.ee\/psicologiaparati<\/a><\/p>\n","protected":false},"excerpt":{"rendered":"<p>En general las personas empiezan a sentir un dolor que no sent\u00edan antes.<\/p>\n","protected":false},"author":16,"featured_media":3647,"comment_status":"open","ping_status":"open","sticky":false,"template":"","format":"standard","meta":{"om_disable_all_campaigns":false,"_monsterinsights_skip_tracking":false,"_monsterinsights_sitenote_active":false,"_monsterinsights_sitenote_note":"","_monsterinsights_sitenote_category":0,"_uf_show_specific_survey":0,"_uf_disable_surveys":false,"site-sidebar-layout":"default","site-content-layout":"","ast-site-content-layout":"default","site-content-style":"default","site-sidebar-style":"default","ast-global-header-display":"","ast-banner-title-visibility":"","ast-main-header-display":"","ast-hfb-above-header-display":"","ast-hfb-below-header-display":"","ast-hfb-mobile-header-display":"","site-post-title":"","ast-breadcrumbs-content":"","ast-featured-img":"","footer-sml-layout":"","theme-transparent-header-meta":"","adv-header-id-meta":"","stick-header-meta":"","header-above-stick-meta":"","header-main-stick-meta":"","header-below-stick-meta":"","astra-migrate-meta-layouts":"set","ast-page-background-enabled":"default","ast-page-background-meta":{"desktop":{"background-color":"var(--ast-global-color-4)","background-image":"","background-repeat":"repeat","background-position":"center center","background-size":"auto","background-attachment":"scroll","background-type":"","background-media":"","overlay-type":"","overlay-color":"","overlay-opacity":"","overlay-gradient":""},"tablet":{"background-color":"","background-image":"","background-repeat":"repeat","background-position":"center center","background-size":"auto","background-attachment":"scroll","background-type":"","background-media":"","overlay-type":"","overlay-color":"","overlay-opacity":"","overlay-gradient":""},"mobile":{"background-color":"","background-image":"","background-repeat":"repeat","background-position":"center center","background-size":"auto","background-attachment":"scroll","background-type":"","background-media":"","overlay-type":"","overlay-color":"","overlay-opacity":"","overlay-gradient":""}},"ast-content-background-meta":{"desktop":{"background-color":"var(--ast-global-color-5)","background-image":"","background-repeat":"repeat","background-position":"center center","background-size":"auto","background-attachment":"scroll","background-type":"","background-media":"","overlay-type":"","overlay-color":"","overlay-opacity":"","overlay-gradient":""},"tablet":{"background-color":"var(--ast-global-color-5)","background-image":"","background-repeat":"repeat","background-position":"center center","background-size":"auto","background-attachment":"scroll","background-type":"","background-media":"","overlay-type":"","overlay-color":"","overlay-opacity":"","overlay-gradient":""},"mobile":{"background-color":"var(--ast-global-color-5)","background-image":"","background-repeat":"repeat","background-position":"center center","background-size":"auto","background-attachment":"scroll","background-type":"","background-media":"","overlay-type":"","overlay-color":"","overlay-opacity":"","overlay-gradient":""}},"footnotes":""},"categories":[7,29],"tags":[],"class_list":["post-3646","post","type-post","status-publish","format-standard","has-post-thumbnail","hentry","category-opinion","category-salud"],"aioseo_notices":[],"views":21,"_links":{"self":[{"href":"https:\/\/vidapublicarevista.com\/index.php\/wp-json\/wp\/v2\/posts\/3646","targetHints":{"allow":["GET"]}}],"collection":[{"href":"https:\/\/vidapublicarevista.com\/index.php\/wp-json\/wp\/v2\/posts"}],"about":[{"href":"https:\/\/vidapublicarevista.com\/index.php\/wp-json\/wp\/v2\/types\/post"}],"author":[{"embeddable":true,"href":"https:\/\/vidapublicarevista.com\/index.php\/wp-json\/wp\/v2\/users\/16"}],"replies":[{"embeddable":true,"href":"https:\/\/vidapublicarevista.com\/index.php\/wp-json\/wp\/v2\/comments?post=3646"}],"version-history":[{"count":2,"href":"https:\/\/vidapublicarevista.com\/index.php\/wp-json\/wp\/v2\/posts\/3646\/revisions"}],"predecessor-version":[{"id":3650,"href":"https:\/\/vidapublicarevista.com\/index.php\/wp-json\/wp\/v2\/posts\/3646\/revisions\/3650"}],"wp:featuredmedia":[{"embeddable":true,"href":"https:\/\/vidapublicarevista.com\/index.php\/wp-json\/wp\/v2\/media\/3647"}],"wp:attachment":[{"href":"https:\/\/vidapublicarevista.com\/index.php\/wp-json\/wp\/v2\/media?parent=3646"}],"wp:term":[{"taxonomy":"category","embeddable":true,"href":"https:\/\/vidapublicarevista.com\/index.php\/wp-json\/wp\/v2\/categories?post=3646"},{"taxonomy":"post_tag","embeddable":true,"href":"https:\/\/vidapublicarevista.com\/index.php\/wp-json\/wp\/v2\/tags?post=3646"}],"curies":[{"name":"wp","href":"https:\/\/api.w.org\/{rel}","templated":true}]}}