{"id":3409,"date":"2024-11-11T20:48:10","date_gmt":"2024-11-11T20:48:10","guid":{"rendered":"https:\/\/vidapublicarevista.com\/?p=3409"},"modified":"2024-11-11T20:48:11","modified_gmt":"2024-11-11T20:48:11","slug":"capsula-para-mascar-no-133","status":"publish","type":"post","link":"https:\/\/vidapublicarevista.com\/index.php\/2024\/11\/11\/capsula-para-mascar-no-133\/","title":{"rendered":"C\u00e1psula para mascar No. 133"},"content":{"rendered":"\n<p><\/p>\n\n\n\n<p><strong>\u00a0Autor de la novela La agon\u00eda del caim\u00e1n.<\/strong><\/p>\n\n\n\n<p><strong>\u00bfC\u00f3mo es posible que hayan votado migrantes latinos a favor de Donald Trump?<\/strong><\/p>\n\n\n\n<p><strong>Seg\u00fan estad\u00edsticas, esta vez la participaci\u00f3n de<\/strong> <strong>votantes latinos en los Estados Unidos, lleg\u00f3 hasta el 13.4%, entre ellos miles de mexicanos; esto cal\u00f3 ac\u00e1 en M\u00e9xico y hubo expresiones, la m\u00e1s recurrente: <\/strong><\/p>\n\n\n\n<p><strong>\u201c\u00bfC\u00f3mo es posible que hayan votado por Trump, un magnate arrogantes que siempre ha manifestado su odio hacia migrantes mexicanos?\u201d. Este asunto merece un an\u00e1lisis de fondo.<\/strong><\/p>\n\n\n\n<p>Parto de la realidad que muestran los partidos Republicano \u2013Donald Trump-, y Dem\u00f3crata \u2013Kamala Harris-, ambos partidos son fundamentalmente de origen capitalista, y por consecuencia el motor principal de sus objetivos es el poder del dinero, y obvio, el pol\u00edtico. <\/p>\n\n\n\n<p>Lo primero que resalta al inicio de sus contiendas electorales, son las cantidades de d\u00f3lares que captan como apoyo. Sus asesores y simpatizantes presumen sus logros en raz\u00f3n de esta actividad.<\/p>\n\n\n\n<p>Que los Estados Unidos de Norteam\u00e9rica sea considerado el pa\u00eds m\u00e1s poderoso de la tierra, en cuanto a econom\u00eda se refiere, es una verdad que a ellos los enorgullece, como tambi\u00e9n les provoca j\u00fabilo tener el poder militar m\u00e1s demoledor del mundo. <\/p>\n\n\n\n<p>Por estas razones se han distinguido en ser los invasores m\u00e1s recurrentes en la historia moderna del mundo. M\u00e9xico ha sido v\u00edctima, y la m\u00e1s dolorosa es la que sufrimos cuando nos arrebataron poco m\u00e1s del territorio. -1848-.<\/p>\n\n\n\n<p>Desde la misma conformaci\u00f3n de los Estados Unidos como naci\u00f3n, -1776-, los migrantes mexicanos han estado presentes, con su dinamismo, quiero decir que han sido parte importante del desarrollo y su gran poder; ahora ya suman casi 40 millones. <\/p>\n\n\n\n<p>Por estas razones, una gran mayor\u00eda de los migrantes mexicanos, est\u00e1n formados con la cultura norteamericana, y por ello resulta obvio que en su mayor\u00eda tengan como objetivo ser capitalistas, es m\u00e1s, millones son nacidos y creados all\u00e1 y tambi\u00e9n por eso act\u00faan y piensan como gringos. <\/p>\n\n\n\n<p>Con esto me queda clara la raz\u00f3n por la que muchos, votaron por Trump.<\/p>\n\n\n\n<p>Estad\u00edsticas: del a\u00f1o 2000 al 2024, la cifra de votantes de origen latino aument\u00f3 del 2 al 13.5% De ah\u00ed que el fen\u00f3meno no lo sea tanto. <\/p>\n\n\n\n<p>Por otra parte, tambi\u00e9n por obvias razones, existe la posibilidad de que en los E.U., en el futuro llegue a ser presidente un latino. <\/p>\n\n\n\n<p>Pero no olviden que ser\u00e1 de cultura gringa. <\/p>\n\n\n\n<p>Obama fue un ejemplo, siendo de origen africano, esto no hizo mella; su pol\u00edtica anti-migrante fue f\u00e9rrea, hasta ahora es el presidente que m\u00e1s latinos y africanos deport\u00f3.<\/p>\n\n\n\n<p><strong>Por mi parte, en cuanto a c\u00f3mo nos ir\u00e1 a los mexicanos con Trump, tengo la certeza de que con nuestra Presidenta-Comandanta, Dra. Claudia Sheinbaum Pardo, estamos seguros de tener una defensa asegurada; el R\u00e9gimen de la 4ta. Transformaci\u00f3n est\u00e1 s\u00f3lidamente fundada. Somos y seguiremos siendo una naci\u00f3n libre y soberana. <\/strong><\/p>\n\n\n\n<p><strong>Nuestra constituci\u00f3n y leyes que ser\u00e1n cada vez m\u00e1s s\u00f3lidas, nos protegen con fundamentos<\/strong> <strong>bien determinados: <\/strong><\/p>\n\n\n\n<p><strong>NO ROBAR NO MENTIR NO TRAICIONAR.<\/strong><\/p>\n\n\n\n<p><strong>Ac\u00e1 en Sinaloa, el Gobernador, Dr. Rub\u00e9n Rocha Moya, sigue firme en la conducci\u00f3n de nuestro pujante y laborioso estado de Sinaloa. Las actividades en general se est\u00e1n normalizando; la ciudadan\u00eda, en su gran mayor\u00eda le apoyamos; seguros de que la paz y la justicia deben prevalecer.<\/strong><\/p>\n\n\n\n<p><\/p>\n\n\n\n<p><\/p>\n","protected":false},"excerpt":{"rendered":"<p>Seg\u00fan estad\u00edsticas, esta vez la participaci\u00f3n de votantes latinos en los Estados Unidos, lleg\u00f3 hasta el 13.4%.<\/p>\n","protected":false},"author":5,"featured_media":3410,"comment_status":"open","ping_status":"open","sticky":false,"template":"","format":"standard","meta":{"om_disable_all_campaigns":false,"_monsterinsights_skip_tracking":false,"_monsterinsights_sitenote_active":false,"_monsterinsights_sitenote_note":"","_monsterinsights_sitenote_category":0,"_uf_show_specific_survey":0,"_uf_disable_surveys":false,"site-sidebar-layout":"default","site-content-layout":"","ast-site-content-layout":"default","site-content-style":"default","site-sidebar-style":"default","ast-global-header-display":"","ast-banner-title-visibility":"","ast-main-header-display":"","ast-hfb-above-header-display":"","ast-hfb-below-header-display":"","ast-hfb-mobile-header-display":"","site-post-title":"","ast-breadcrumbs-content":"","ast-featured-img":"","footer-sml-layout":"","theme-transparent-header-meta":"","adv-header-id-meta":"","stick-header-meta":"","header-above-stick-meta":"","header-main-stick-meta":"","header-below-stick-meta":"","astra-migrate-meta-layouts":"set","ast-page-background-enabled":"default","ast-page-background-meta":{"desktop":{"background-color":"var(--ast-global-color-4)","background-image":"","background-repeat":"repeat","background-position":"center center","background-size":"auto","background-attachment":"scroll","background-type":"","background-media":"","overlay-type":"","overlay-color":"","overlay-opacity":"","overlay-gradient":""},"tablet":{"background-color":"","background-image":"","background-repeat":"repeat","background-position":"center center","background-size":"auto","background-attachment":"scroll","background-type":"","background-media":"","overlay-type":"","overlay-color":"","overlay-opacity":"","overlay-gradient":""},"mobile":{"background-color":"","background-image":"","background-repeat":"repeat","background-position":"center center","background-size":"auto","background-attachment":"scroll","background-type":"","background-media":"","overlay-type":"","overlay-color":"","overlay-opacity":"","overlay-gradient":""}},"ast-content-background-meta":{"desktop":{"background-color":"var(--ast-global-color-5)","background-image":"","background-repeat":"repeat","background-position":"center center","background-size":"auto","background-attachment":"scroll","background-type":"","background-media":"","overlay-type":"","overlay-color":"","overlay-opacity":"","overlay-gradient":""},"tablet":{"background-color":"var(--ast-global-color-5)","background-image":"","background-repeat":"repeat","background-position":"center center","background-size":"auto","background-attachment":"scroll","background-type":"","background-media":"","overlay-type":"","overlay-color":"","overlay-opacity":"","overlay-gradient":""},"mobile":{"background-color":"var(--ast-global-color-5)","background-image":"","background-repeat":"repeat","background-position":"center center","background-size":"auto","background-attachment":"scroll","background-type":"","background-media":"","overlay-type":"","overlay-color":"","overlay-opacity":"","overlay-gradient":""}},"footnotes":""},"categories":[2,7],"tags":[],"class_list":["post-3409","post","type-post","status-publish","format-standard","has-post-thumbnail","hentry","category-nacional","category-opinion"],"aioseo_notices":[],"views":31,"_links":{"self":[{"href":"https:\/\/vidapublicarevista.com\/index.php\/wp-json\/wp\/v2\/posts\/3409","targetHints":{"allow":["GET"]}}],"collection":[{"href":"https:\/\/vidapublicarevista.com\/index.php\/wp-json\/wp\/v2\/posts"}],"about":[{"href":"https:\/\/vidapublicarevista.com\/index.php\/wp-json\/wp\/v2\/types\/post"}],"author":[{"embeddable":true,"href":"https:\/\/vidapublicarevista.com\/index.php\/wp-json\/wp\/v2\/users\/5"}],"replies":[{"embeddable":true,"href":"https:\/\/vidapublicarevista.com\/index.php\/wp-json\/wp\/v2\/comments?post=3409"}],"version-history":[{"count":1,"href":"https:\/\/vidapublicarevista.com\/index.php\/wp-json\/wp\/v2\/posts\/3409\/revisions"}],"predecessor-version":[{"id":3411,"href":"https:\/\/vidapublicarevista.com\/index.php\/wp-json\/wp\/v2\/posts\/3409\/revisions\/3411"}],"wp:featuredmedia":[{"embeddable":true,"href":"https:\/\/vidapublicarevista.com\/index.php\/wp-json\/wp\/v2\/media\/3410"}],"wp:attachment":[{"href":"https:\/\/vidapublicarevista.com\/index.php\/wp-json\/wp\/v2\/media?parent=3409"}],"wp:term":[{"taxonomy":"category","embeddable":true,"href":"https:\/\/vidapublicarevista.com\/index.php\/wp-json\/wp\/v2\/categories?post=3409"},{"taxonomy":"post_tag","embeddable":true,"href":"https:\/\/vidapublicarevista.com\/index.php\/wp-json\/wp\/v2\/tags?post=3409"}],"curies":[{"name":"wp","href":"https:\/\/api.w.org\/{rel}","templated":true}]}}