{"id":3286,"date":"2024-09-27T16:35:55","date_gmt":"2024-09-27T16:35:55","guid":{"rendered":"https:\/\/vidapublicarevista.com\/?p=3286"},"modified":"2024-09-27T16:35:56","modified_gmt":"2024-09-27T16:35:56","slug":"los-ninos-de-la-pandemia","status":"publish","type":"post","link":"https:\/\/vidapublicarevista.com\/index.php\/2024\/09\/27\/los-ninos-de-la-pandemia\/","title":{"rendered":"LOS NI\u00d1OS DE LA PANDEMIA"},"content":{"rendered":"\n<p><\/p>\n\n\n\n<p>Somos Nuestra Memoria<\/p>\n\n\n\n<p>\u201cMi hermana ha desarrollado agorafobia desde la pandemia\u201d, dice una paciente sobre su familiar adolescente. <\/p>\n\n\n\n<p>La agorafobia es el miedo a los lugares y las situaciones que pueden ocasionar p\u00e1nico, impotencia o verg\u00fcenza.<\/p>\n\n\n\n<p>La pandemia de COVID-19, que inici\u00f3 como estado de emergencia el 30 de enero de 2020, con una duraci\u00f3n de 4 a\u00f1os, ha dejado secuelas en la vida de las y los ni\u00f1os. <\/p>\n\n\n\n<p>Es fundamental hablar del tema, a fin de que se atienda esta realidad que, hasta el momento, ha sido poco escuchada; ya que generalmente esperamos que la poblaci\u00f3n infantil sea de tal forma y dejen de ser de tal otra, pero no se les da la confianza de ser lo que son hasta ahora, para humanizar su existencia.\u00a0<\/p>\n\n\n\n<p>Seg\u00fan UNICEF, el lenguaje y las habilidades socioemocionales florecen hasta los dos a\u00f1os de edad, pero las y los ni\u00f1os m\u00e1s peque\u00f1os se vieron afectados por periodos prolongados de aislamiento, que en algunos casos fueron tortuosos, violentos y da\u00f1inos.&nbsp;<\/p>\n\n\n\n<p>Con m\u00e1s de 7 millones de personas fallecidas por COVID-19, el duelo de los ni\u00f1os requiere entenderse, sobre todo porque los adultos pasan momentos de mucho dolor y olvidan que las y los ni\u00f1os tambi\u00e9n sufren y extra\u00f1an a sus seres queridos.&nbsp;<\/p>\n\n\n\n<p>La educaci\u00f3n fue una de las \u00e1reas que tuvieron m\u00e1s afectaci\u00f3n en la vida de la ni\u00f1ez, con procesos que no se llevaron a cabo como la convivencia cotidiana, la importancia de estar all\u00ed de manera f\u00edsica y aprender con el cuerpo y el movimiento sobre normas y procesos sociales.<\/p>\n\n\n\n<p>Muchas ni\u00f1as y ni\u00f1os tienen problemas con la escritura derivado de la deficiente atenci\u00f3n pr\u00e1ctica y personalizada de sus cuidadores y maestros, tanto en escuelas p\u00fablicas como privadas, algo que requiere reforzarse en casa para avanzar con el pensamiento y la inteligencia que se necesita cuando se escribe.&nbsp;<\/p>\n\n\n\n<p>Una parte fundamental en el desarrollo de la ni\u00f1ez son los juegos, que tambi\u00e9n fueron afectados por la pandemia: <\/p>\n\n\n\n<p>No era posible socializar y tuvieron que adaptarse, con el saldo negativo del sedentarismo por el uso de celulares, lo que acent\u00faa las enfermedades cr\u00f3nicas como la obesidad.\u00a0<\/p>\n\n\n\n<p>Sin lugar a dudas, la pandemia en salud mental fue un duro golpe que tuvo la infancia, y como muchas enfermedades en psicolog\u00eda, una ganancia secundaria: las personas aprendieron la importancia de la salud mental, con una dura ense\u00f1anza, pero al final un aprendizaje que se debe mantener vigente.&nbsp;<\/p>\n\n\n\n<p>En realidad, la poblaci\u00f3n infantil de nuestro pa\u00eds no ha sido escuchada por nuestras autoridades invisibilizando sus necesidades particulares; lamentablemente esta pr\u00e1ctica no es privativa de las autoridades, sino tambi\u00e9n en los hogares, que muchas veces dejan de lado a los infantes, porque se les considera que no tienen que opinar\u2026<\/p>\n\n\n\n<p>De acuerdo a la agencia de la ONU para la ni\u00f1ez, es necesario que ni\u00f1as, ni\u00f1os y adolescentes tengan oportunidades de participar en relaciones y actividades significativas para su desarrollo, incluso en momentos de crisis, poniendo en pr\u00e1ctica el principio del inter\u00e9s superior del ni\u00f1o, ni\u00f1a o adolescente como prioridad en las estrategias de planes de crisis. Algo que en M\u00e9xico no acontece.&nbsp;<\/p>\n\n\n\n<p>Seg\u00fan el Estado Mundial de la Infancia 2021, el an\u00e1lisis m\u00e1s completo realizado por UNICEF sobre la salud mental de los ni\u00f1os, adolescentes y los cuidadores en el siglo XXI, incluso antes de la COVID-19 los ni\u00f1os y los j\u00f3venes ya sufr\u00edan problemas de salud mental sin que se hicieran las inversiones necesarias para solucionarlos.<\/p>\n\n\n\n<p>Por lo anterior se requiere invertir urgentemente en la salud mental de la ni\u00f1ez y la adolescencia, con programas espec\u00edficos, p\u00fablicos y privados, como el que desarrollamos con mucho cari\u00f1o para esta poblaci\u00f3n en <a href=\"http:\/\/www.psicologiaydesarrollocomunitario.com\">www.psicologiaydesarrollocomunitario.com<\/a>&nbsp;<\/p>\n\n\n\n<p>Se requiere integrar y ampliar las intervenciones basadas en pruebas en los sectores de la salud, la educaci\u00f3n y la protecci\u00f3n social, con cuidados de los cuidadores, para promover pol\u00edticas de crianza positivas.&nbsp;<\/p>\n\n\n\n<p>A\u00fan queda el estigma de la salud mental, por lo que es necesario romper el silencio que rodea a las enfermedades mentales.<\/p>\n\n\n\n<p><strong>Causas y azares\u2026<\/strong><\/p>\n\n\n\n<ul class=\"wp-block-list\">\n<li>Cuando un presidente municipal se va a China a hacer un hermanamiento con ciudades de aquel pa\u00eds, no sean malpensados, de todos modos, las inundaciones, la inseguridad y los baches pueden esperar con calma; los programas de salud mental est\u00e1n hechos a su medida, hasta la gubernatura.&nbsp;&nbsp;<\/li>\n\n\n\n<li>La continuidad de los mismos personajes en la pol\u00edtica nos habla de varias cosas, adem\u00e1s de su magnificencia: hay una corrupci\u00f3n end\u00e9mica, o hay mucha ineptitud en la poblaci\u00f3n para gobernarse, o la ignorancia es abismal.&nbsp;<\/li>\n\n\n\n<li>Los presupuestos anexos son un mal augurio de las cosas que se nos vienen para atender los grandes problemas nacionales: los abusos de la militarizaci\u00f3n y los pol\u00edticos de siempre, son una lacra que se tiene que erradicar para las pr\u00f3ximas generaciones.&nbsp;&nbsp;<\/li>\n<\/ul>\n\n\n\n<p>Hasta la pr\u00f3xima, que la existencia humana es riesgo y al mismo tiempo aceptaci\u00f3n del riesgo.&nbsp;&nbsp;<\/p>\n\n\n\n<p>Conoce m\u00e1s en: <a href=\"https:\/\/linktr.ee\/psicologiaparati\">https:\/\/linktr.ee\/psicologiaparati<\/a><\/p>\n","protected":false},"excerpt":{"rendered":"<p>La agorafobia es el miedo a los lugares y las situaciones que pueden ocasionar p\u00e1nico, impotencia o verg\u00fcenza.<\/p>\n","protected":false},"author":16,"featured_media":3287,"comment_status":"open","ping_status":"open","sticky":false,"template":"","format":"standard","meta":{"om_disable_all_campaigns":false,"_monsterinsights_skip_tracking":false,"_monsterinsights_sitenote_active":false,"_monsterinsights_sitenote_note":"","_monsterinsights_sitenote_category":0,"_uf_show_specific_survey":0,"_uf_disable_surveys":false,"site-sidebar-layout":"default","site-content-layout":"","ast-site-content-layout":"default","site-content-style":"default","site-sidebar-style":"default","ast-global-header-display":"","ast-banner-title-visibility":"","ast-main-header-display":"","ast-hfb-above-header-display":"","ast-hfb-below-header-display":"","ast-hfb-mobile-header-display":"","site-post-title":"","ast-breadcrumbs-content":"","ast-featured-img":"","footer-sml-layout":"","theme-transparent-header-meta":"","adv-header-id-meta":"","stick-header-meta":"","header-above-stick-meta":"","header-main-stick-meta":"","header-below-stick-meta":"","astra-migrate-meta-layouts":"set","ast-page-background-enabled":"default","ast-page-background-meta":{"desktop":{"background-color":"var(--ast-global-color-4)","background-image":"","background-repeat":"repeat","background-position":"center center","background-size":"auto","background-attachment":"scroll","background-type":"","background-media":"","overlay-type":"","overlay-color":"","overlay-opacity":"","overlay-gradient":""},"tablet":{"background-color":"","background-image":"","background-repeat":"repeat","background-position":"center center","background-size":"auto","background-attachment":"scroll","background-type":"","background-media":"","overlay-type":"","overlay-color":"","overlay-opacity":"","overlay-gradient":""},"mobile":{"background-color":"","background-image":"","background-repeat":"repeat","background-position":"center center","background-size":"auto","background-attachment":"scroll","background-type":"","background-media":"","overlay-type":"","overlay-color":"","overlay-opacity":"","overlay-gradient":""}},"ast-content-background-meta":{"desktop":{"background-color":"var(--ast-global-color-5)","background-image":"","background-repeat":"repeat","background-position":"center center","background-size":"auto","background-attachment":"scroll","background-type":"","background-media":"","overlay-type":"","overlay-color":"","overlay-opacity":"","overlay-gradient":""},"tablet":{"background-color":"var(--ast-global-color-5)","background-image":"","background-repeat":"repeat","background-position":"center center","background-size":"auto","background-attachment":"scroll","background-type":"","background-media":"","overlay-type":"","overlay-color":"","overlay-opacity":"","overlay-gradient":""},"mobile":{"background-color":"var(--ast-global-color-5)","background-image":"","background-repeat":"repeat","background-position":"center center","background-size":"auto","background-attachment":"scroll","background-type":"","background-media":"","overlay-type":"","overlay-color":"","overlay-opacity":"","overlay-gradient":""}},"footnotes":""},"categories":[2,7],"tags":[],"class_list":["post-3286","post","type-post","status-publish","format-standard","has-post-thumbnail","hentry","category-nacional","category-opinion"],"aioseo_notices":[],"views":14,"_links":{"self":[{"href":"https:\/\/vidapublicarevista.com\/index.php\/wp-json\/wp\/v2\/posts\/3286","targetHints":{"allow":["GET"]}}],"collection":[{"href":"https:\/\/vidapublicarevista.com\/index.php\/wp-json\/wp\/v2\/posts"}],"about":[{"href":"https:\/\/vidapublicarevista.com\/index.php\/wp-json\/wp\/v2\/types\/post"}],"author":[{"embeddable":true,"href":"https:\/\/vidapublicarevista.com\/index.php\/wp-json\/wp\/v2\/users\/16"}],"replies":[{"embeddable":true,"href":"https:\/\/vidapublicarevista.com\/index.php\/wp-json\/wp\/v2\/comments?post=3286"}],"version-history":[{"count":1,"href":"https:\/\/vidapublicarevista.com\/index.php\/wp-json\/wp\/v2\/posts\/3286\/revisions"}],"predecessor-version":[{"id":3288,"href":"https:\/\/vidapublicarevista.com\/index.php\/wp-json\/wp\/v2\/posts\/3286\/revisions\/3288"}],"wp:featuredmedia":[{"embeddable":true,"href":"https:\/\/vidapublicarevista.com\/index.php\/wp-json\/wp\/v2\/media\/3287"}],"wp:attachment":[{"href":"https:\/\/vidapublicarevista.com\/index.php\/wp-json\/wp\/v2\/media?parent=3286"}],"wp:term":[{"taxonomy":"category","embeddable":true,"href":"https:\/\/vidapublicarevista.com\/index.php\/wp-json\/wp\/v2\/categories?post=3286"},{"taxonomy":"post_tag","embeddable":true,"href":"https:\/\/vidapublicarevista.com\/index.php\/wp-json\/wp\/v2\/tags?post=3286"}],"curies":[{"name":"wp","href":"https:\/\/api.w.org\/{rel}","templated":true}]}}