{"id":3168,"date":"2024-08-24T15:15:11","date_gmt":"2024-08-24T15:15:11","guid":{"rendered":"https:\/\/vidapublicarevista.com\/?p=3168"},"modified":"2024-08-24T15:17:45","modified_gmt":"2024-08-24T15:17:45","slug":"muerte-psicologica-de-los-mexicanos","status":"publish","type":"post","link":"https:\/\/vidapublicarevista.com\/index.php\/2024\/08\/24\/muerte-psicologica-de-los-mexicanos\/","title":{"rendered":"MUERTE PSICOL\u00d3GICA DE LOS MEXICANOS"},"content":{"rendered":"\n<p><\/p>\n\n\n\n<p>Somos Nuestra Memoria<\/p>\n\n\n\n<p>La relaci\u00f3n de las 3 principales causas de muerte entre los mexicanos con una profunda base psicol\u00f3gica es algo que vale la pena indagar, sobre todo cuando la investigaci\u00f3n en nuestras comunidades sigue siendo poco com\u00fan, y donde muchas personas enferman por causas psicol\u00f3gicas que padecen y desconocen.<\/p>\n\n\n\n<p>Me llama la atenci\u00f3n c\u00f3mo las personas buscan en las pastillas la soluci\u00f3n para casi todos sus males, desde los m\u00e1s fisiol\u00f3gicos hasta los m\u00e1s psicol\u00f3gicos, sin querer reconocer que mucho de sus males tiene origen en el manejo de su salud mental, que muchas veces es menospreciada.&nbsp;&nbsp;<\/p>\n\n\n\n<p>Recuerdo el caso de un paciente con diabetes, 54 a\u00f1os de edad, hombre, que cuando era ni\u00f1o vivi\u00f3 en uno de los barrios m\u00e1s violentos de la Ciudad de M\u00e9xico, entre drogas, abandono paterno, violencia contra su madre y muerte. <\/p>\n\n\n\n<p>De adolescente se fue a vivir a provincia y fue un padre ejemplar educando a sus hijos; le fue diagnosticada diabetes mellitus tipo con descontroles org\u00e1nicos que casi le hacen perder la vista. <\/p>\n\n\n\n<p>\u00c9l no reconoce que su diabetes es fruto de su ni\u00f1ez, que se gest\u00f3 en las experiencias adversas de su vida.<\/p>\n\n\n\n<p>Seg\u00fan el INEGI (2023) del total de defunciones en ese a\u00f1o, cerca de 800 mil, 89.5 % fueron por enfermedades y problemas relacionados con la salud, y 10.5 % por causas externas (accidentes, homicidios y suicidios, principalmente).<\/p>\n\n\n\n<p>En M\u00e9xico las principales causas de muerte son las enfermedades del coraz\u00f3n, que hist\u00f3ricamente se han relacionado a dislipidemias (concentraci\u00f3n elevada de colesterol y\/o triglic\u00e9ridos, o grasas de mala calidad en la sangre). <\/p>\n\n\n\n<p>La mayor\u00eda de las personas consideran que el tratamiento farmacol\u00f3gico es su primera opci\u00f3n, aunque muchos sabemos que la dieta, el ejercicio y el cuidado psicol\u00f3gico son la base para lograr controles exitosos del peso y las enfermedades ligadas con el coraz\u00f3n, ese viejo rom\u00e1ntico. <\/p>\n\n\n\n<p>De hecho, en la Secretar\u00eda de Salud existen programas generosos que casi nadie conoce, los Grupos de Ayuda Mutua de Enfermos Cr\u00f3nicos, y que bien valdr\u00eda la pena mejorar en su presupuesto y operaci\u00f3n, para bien de la poblaci\u00f3n.\u00a0<\/p>\n\n\n\n<p>En el caso de la segunda causa de muerte en el pa\u00eds, la Diabetes mellitus (DM) muchas veces es generada por la acumulaci\u00f3n de la glucosa en el torrente sangu\u00edneo, con procesos conductuales donde reina la ansiedad, la tristeza y otras emociones negativas, la mayor\u00eda de las veces de manera silenciosa. <\/p>\n\n\n\n<p>El problema emocional se encuentra vigente para muchas personas cuando se les da un diagn\u00f3stico de DM, y su adherencia al tratamiento es mala.\u00a0<\/p>\n\n\n\n<p>Los Tumores malignos muchas veces se encuentran condicionados por estr\u00e9s, sobre todo por el estr\u00e9s toxico, y que en ciertas condiciones puede potenciar el c\u00e1ncer.&nbsp;&nbsp;<\/p>\n\n\n\n<p>Por otro lado, los suicidios siguen siendo la primera causa de muerte entre los j\u00f3venes, donde hasta el mes de julio de 2024 se sigue con un aumento significativo respecto al a\u00f1o anterior, lo que habla de la simulaci\u00f3n e ineficacia de las autoridades en la materia para justificar el gasto de nuestros impuestos en temas tan sensibles.&nbsp;<\/p>\n\n\n\n<p>El suicidio tiene su fundamento en la psicolog\u00eda, y es all\u00ed donde se encuentra su soluci\u00f3n, aunque las personas quieran medicalizarlo tontamente.<\/p>\n\n\n\n<p>Las 5 principales causas de muerte a nivel nacional fueron: <\/p>\n\n\n\n<p>Enfermedades del coraz\u00f3n, diabetes mellitus, tumores malignos, enfermedades del h\u00edgado y accidentes. <\/p>\n\n\n\n<p>Mientras esto sucede, deseamos que sus familiares encuentren el apoyo psicol\u00f3gico que se merecen para afrontar la enfermedad.\u00a0\u00a0<\/p>\n\n\n\n<p>La psicolog\u00eda es muy importante para la definici\u00f3n de las enfermedades, que muchas de ellas tienen como destino el da\u00f1o org\u00e1nico, pero se fueron construyendo, poco a poco, como un problema psicol\u00f3gico inconsciente, donde lo \u00fanico hereditario (y qu\u00e9 m\u00e1s quer\u00edan) son los usos y costumbres en las casas con coca colas, productos ultraprocesados y malas formas de alimentaci\u00f3n consuetudinaria, adem\u00e1s de rencores y abusos, como parte de la dieta general.<\/p>\n\n\n\n<p>Espero que la construcci\u00f3n de pol\u00edticas p\u00fablicas para la prevenci\u00f3n de enfermedades no transmisibles sea una realidad, por la falta que nos hace en las comunidades y a nivel cognitivo de nuestros pacientes, pero no me emociona con los pol\u00edticos que se anuncian el d\u00eda de hoy, que da lo mismo si se van o se quedan por su intrascendencia.&nbsp;<\/p>\n\n\n\n<p><strong>Causas y azares\u2026<\/strong><\/p>\n\n\n\n<ul class=\"wp-block-list\">\n<li>Me encuentro en Chicago al momento de redactar esta columna, y he notado que los gringos como Trump son ignorantemente racistas hasta con ellos mismos, a ver c\u00f3mo nos va si gana (espero que no vuelva a suceder).&nbsp;<\/li>\n\n\n\n<li>La toma del Poder Judicial, por el mismo Poder Judicial, es lamentablemente irrisoria.<\/li>\n\n\n\n<li>Les deseo \u00e9xitos y paciencia en este nuevo ciclo escolar que est\u00e1 por iniciar, esperando que la Secretar\u00eda de Educaci\u00f3n nos haga caso y haga un programa especial de salud mental en el sector educativo, que tanta falta hace.&nbsp;&nbsp;<\/li>\n<\/ul>\n\n\n\n<p>Hasta la pr\u00f3xima, que so\u00f1ar es la actividad est\u00e9tica m\u00e1s antigua.&nbsp;&nbsp;Conoce m\u00e1s en: <a href=\"https:\/\/linktr.ee\/psicologiaparati\">https:\/\/linktr.ee\/psicologiaparati<\/a><\/p>\n","protected":false},"excerpt":{"rendered":"<p>De adolescente se fue a vivir a provincia y fue un padre ejemplar educando a sus hijos.<\/p>\n","protected":false},"author":16,"featured_media":3169,"comment_status":"open","ping_status":"open","sticky":false,"template":"","format":"standard","meta":{"om_disable_all_campaigns":false,"_monsterinsights_skip_tracking":false,"_monsterinsights_sitenote_active":false,"_monsterinsights_sitenote_note":"","_monsterinsights_sitenote_category":0,"_uf_show_specific_survey":0,"_uf_disable_surveys":false,"site-sidebar-layout":"default","site-content-layout":"","ast-site-content-layout":"default","site-content-style":"default","site-sidebar-style":"default","ast-global-header-display":"","ast-banner-title-visibility":"","ast-main-header-display":"","ast-hfb-above-header-display":"","ast-hfb-below-header-display":"","ast-hfb-mobile-header-display":"","site-post-title":"","ast-breadcrumbs-content":"","ast-featured-img":"","footer-sml-layout":"","theme-transparent-header-meta":"","adv-header-id-meta":"","stick-header-meta":"","header-above-stick-meta":"","header-main-stick-meta":"","header-below-stick-meta":"","astra-migrate-meta-layouts":"set","ast-page-background-enabled":"default","ast-page-background-meta":{"desktop":{"background-color":"var(--ast-global-color-4)","background-image":"","background-repeat":"repeat","background-position":"center center","background-size":"auto","background-attachment":"scroll","background-type":"","background-media":"","overlay-type":"","overlay-color":"","overlay-opacity":"","overlay-gradient":""},"tablet":{"background-color":"","background-image":"","background-repeat":"repeat","background-position":"center center","background-size":"auto","background-attachment":"scroll","background-type":"","background-media":"","overlay-type":"","overlay-color":"","overlay-opacity":"","overlay-gradient":""},"mobile":{"background-color":"","background-image":"","background-repeat":"repeat","background-position":"center center","background-size":"auto","background-attachment":"scroll","background-type":"","background-media":"","overlay-type":"","overlay-color":"","overlay-opacity":"","overlay-gradient":""}},"ast-content-background-meta":{"desktop":{"background-color":"var(--ast-global-color-5)","background-image":"","background-repeat":"repeat","background-position":"center center","background-size":"auto","background-attachment":"scroll","background-type":"","background-media":"","overlay-type":"","overlay-color":"","overlay-opacity":"","overlay-gradient":""},"tablet":{"background-color":"var(--ast-global-color-5)","background-image":"","background-repeat":"repeat","background-position":"center center","background-size":"auto","background-attachment":"scroll","background-type":"","background-media":"","overlay-type":"","overlay-color":"","overlay-opacity":"","overlay-gradient":""},"mobile":{"background-color":"var(--ast-global-color-5)","background-image":"","background-repeat":"repeat","background-position":"center center","background-size":"auto","background-attachment":"scroll","background-type":"","background-media":"","overlay-type":"","overlay-color":"","overlay-opacity":"","overlay-gradient":""}},"footnotes":""},"categories":[2,7],"tags":[],"class_list":["post-3168","post","type-post","status-publish","format-standard","has-post-thumbnail","hentry","category-nacional","category-opinion"],"aioseo_notices":[],"views":24,"_links":{"self":[{"href":"https:\/\/vidapublicarevista.com\/index.php\/wp-json\/wp\/v2\/posts\/3168","targetHints":{"allow":["GET"]}}],"collection":[{"href":"https:\/\/vidapublicarevista.com\/index.php\/wp-json\/wp\/v2\/posts"}],"about":[{"href":"https:\/\/vidapublicarevista.com\/index.php\/wp-json\/wp\/v2\/types\/post"}],"author":[{"embeddable":true,"href":"https:\/\/vidapublicarevista.com\/index.php\/wp-json\/wp\/v2\/users\/16"}],"replies":[{"embeddable":true,"href":"https:\/\/vidapublicarevista.com\/index.php\/wp-json\/wp\/v2\/comments?post=3168"}],"version-history":[{"count":2,"href":"https:\/\/vidapublicarevista.com\/index.php\/wp-json\/wp\/v2\/posts\/3168\/revisions"}],"predecessor-version":[{"id":3172,"href":"https:\/\/vidapublicarevista.com\/index.php\/wp-json\/wp\/v2\/posts\/3168\/revisions\/3172"}],"wp:featuredmedia":[{"embeddable":true,"href":"https:\/\/vidapublicarevista.com\/index.php\/wp-json\/wp\/v2\/media\/3169"}],"wp:attachment":[{"href":"https:\/\/vidapublicarevista.com\/index.php\/wp-json\/wp\/v2\/media?parent=3168"}],"wp:term":[{"taxonomy":"category","embeddable":true,"href":"https:\/\/vidapublicarevista.com\/index.php\/wp-json\/wp\/v2\/categories?post=3168"},{"taxonomy":"post_tag","embeddable":true,"href":"https:\/\/vidapublicarevista.com\/index.php\/wp-json\/wp\/v2\/tags?post=3168"}],"curies":[{"name":"wp","href":"https:\/\/api.w.org\/{rel}","templated":true}]}}