{"id":2762,"date":"2024-04-19T16:09:18","date_gmt":"2024-04-19T16:09:18","guid":{"rendered":"https:\/\/vidapublicarevista.com\/?p=2762"},"modified":"2024-04-19T16:09:18","modified_gmt":"2024-04-19T16:09:18","slug":"escucho-siento-y-aprendo-desde-la-diferencia","status":"publish","type":"post","link":"https:\/\/vidapublicarevista.com\/index.php\/2024\/04\/19\/escucho-siento-y-aprendo-desde-la-diferencia\/","title":{"rendered":"ESCUCHO, SIENTO Y APRENDO\u2026 DESDE LA DIFERENCIA"},"content":{"rendered":"\n<p><\/p>\n\n\n\n<p><em>Somos Nuestra Memoria<\/em><\/p>\n\n\n\n<p>Adivina: no soy un objeto, tampoco una persona. <\/p>\n\n\n\n<p>No soy un lugar y no pueden verme, olerme ni tocarme, pero me hago presente: <\/p>\n\n\n\n<p>\u00bfQu\u00e9 soy? Exacto, soy el autismo.\u00a0<\/p>\n\n\n\n<p>As\u00ed como en la pel\u00edcula <em>Me llaman Radio<\/em>, los autistas son invisibles y muchas veces excluidas de su contexto, con problemas relacionados con la concentraci\u00f3n, las relaciones sociales y la atenci\u00f3n.&nbsp;&nbsp;&nbsp;<\/p>\n\n\n\n<p>El autismo, tambi\u00e9n conocido como trastorno del espectro autista (TEA), es una condici\u00f3n neurobiol\u00f3gica que altera el sistema nervioso y el funcionamiento cerebral de manera permanente y sin cura, que muchas personas viven sin diagnosticar durante toda su vida y mueren sin saberlo.&nbsp;<\/p>\n\n\n\n<p>Las personas con autismo tienen como un s\u00edntoma caracter\u00edstico problemas para socializar. No captan bien las emociones ajenas ni las se\u00f1ales como gestos o miradas. <\/p>\n\n\n\n<p>En muchas ocasiones pueden tomar las cosas muy al pie de la letra y no entienden los chistes o dobles sentidos, se muestran desorientados y sin posibilidad de intervenir en una conversaci\u00f3n cotidiana. <\/p>\n\n\n\n<p>Las reglas sociales que para muchos son obvias, como saludar de vuelta, pueden ser un reto para un autista.<\/p>\n\n\n\n<p>Otro s\u00edntoma del autismo es el problema de procesar sensaciones. <\/p>\n\n\n\n<p>Pueden ser m\u00e1s sensibles o buscar evadir ciertos est\u00edmulos como sonidos fuertes o luces brillantes, lo que a veces les causa crisis, o llegan a tener una concentraci\u00f3n bien marcada ante algo insignificante para otra persona.<\/p>\n\n\n\n<p>En el autismo el coordinarse tambi\u00e9n es un s\u00edntoma problem\u00e1tico. <\/p>\n\n\n\n<p>Manejar la motricidad les puede ser dif\u00edcil, y cosas como escribir, montar bici o jugar a la pelota pueden ser un desaf\u00edo, muchas veces por falta de estimulaci\u00f3n desde peque\u00f1os.<\/p>\n\n\n\n<p>La causa exacta del autismo es compleja y a\u00fan no se comprenden del todo, pero se reconoce que tiene una combinaci\u00f3n de factores gen\u00e9ticos, biol\u00f3gicos y ambientales, la herencia o los abusos.&nbsp;<\/p>\n\n\n\n<p>El desarrollo del cerebro tambi\u00e9n muestra variaciones que pueden contribuir al autismo, sobre todo por problemas de higiene, econ\u00f3micos o de falta de alimentos de buena calidad durante los primeros 5 a\u00f1os de edad.<\/p>\n\n\n\n<p>El autismo puede afectar a personas de cualquier raza, cultura y nivel socioecon\u00f3mico, siendo cuatro veces m\u00e1s com\u00fan en ni\u00f1os que en ni\u00f1as. Se considera que la incidencia de autismo&nbsp;a nivel mundial es de 6 ni\u00f1os por cada mil.<\/p>\n\n\n\n<p>Casi 1 % de los ni\u00f1os en M\u00e9xico, alrededor de 400 mil, tienen autismo, siendo un n\u00famero muy elevado de personas con esta condici\u00f3n y un problema urgente de salud mental p\u00fablica en M\u00e9xico, donde el sistema de salud los tiene excluidos.<\/p>\n\n\n\n<p><strong>\u00bfC\u00f3mo podemos convivir mejor con personas autistas?<\/strong><\/p>\n\n\n\n<p>Primero, es importante <strong>aceptar<\/strong> el diagn\u00f3stico: <\/p>\n\n\n\n<p>Tener un diagn\u00f3stico preciso nos da el 50 % de la soluci\u00f3n, y comprender que el diagn\u00f3stico de autismo en tu hijo es un cambio significativo en las expectativas familiares, va a ayudar a mejorar la atenci\u00f3n. <\/p>\n\n\n\n<p>Aceptar esto es crucial y puede ser desafiante, por lo que considerar la ayuda de un psicoterapeuta experimentado puede ser beneficioso para manejar el estr\u00e9s emocional y establecer metas realistas para la persona y la familia.<\/p>\n\n\n\n<p>Segundo, ten <strong>paciencia<\/strong>: la interacci\u00f3n con tu hijo puede ser dif\u00edcil inicialmente; \u00e9l o ella podr\u00eda no responder de inmediato, pero no est\u00e1 siendo grosero o te quiere ignorar. <\/p>\n\n\n\n<p>Con un poco m\u00e1s de tiempo y paciencia, encontrar\u00e1s momentos de conexi\u00f3n que ser\u00e1n gratificantes para ambos, sobre todo porque hay personas que nos dicen: <\/p>\n\n\n\n<p>\u201cNo entiendo nada\u201d, y con paciencia se puede atender ese problema, tanto a nivel personal como familiar, para no desgastarse.<\/p>\n\n\n\n<p>Tercero, busca <strong>apoyo profesional<\/strong>: el autismo implica desaf\u00edos en la comunicaci\u00f3n y en la interacci\u00f3n social, adem\u00e1s de una posible rigidez en comportamientos e intereses. <\/p>\n\n\n\n<p>Es importante recibir apoyo de profesionales especializados como psic\u00f3logos, que pueden ofrecer estrategias espec\u00edficas para mejorar la calidad de vida de tu hijo y facilitar su desarrollo. <\/p>\n\n\n\n<p>Tambi\u00e9n la ayuda profesional puede llegar con el acompa\u00f1amiento terap\u00e9utico, que es un dispositivo de atenci\u00f3n psicol\u00f3gica donde el profesional acompa\u00f1a al paciente a su trabajo, al bar, a actividades recreativas, siempre como apoyo ante situaciones que requiere de un elemento externo para mejorar.\u00a0<\/p>\n\n\n\n<p>Por \u00faltimo, permite que <strong>juegue y se divierta<\/strong>: es muy importante dejar que tu hijo juegue con otros ni\u00f1os para que mejore sus formas de relacionarse con las personas y en c\u00f3mo llevarse con los dem\u00e1s. <\/p>\n\n\n\n<p>Esto les ayuda mucho a aprender a socializar, a soportar la frustraci\u00f3n y a encarar la vida de viva voz.<\/p>\n\n\n\n<p><strong>Causas y azares\u2026<\/strong><\/p>\n\n\n\n<ul class=\"wp-block-list\">\n<li>Los concursos de oposici\u00f3n para elegir a los mejores en la Secretar\u00eda de Salud son cosa del pasado, y ahora queda puro cuate a la medida de sus intereses personales.&nbsp;<\/li>\n\n\n\n<li>Es irrisorio que el director de salud mental sostenga que el 90 % de los suicidios son por depresi\u00f3n: as\u00ed, no vamos a quedar ninguno \u00a1Qu\u00e9 genio!<\/li>\n<\/ul>\n\n\n\n<p>Hasta la pr\u00f3xima, que toda muerte es \u00fanica y personal como un recuerdo.&nbsp;<\/p>\n\n\n\n<p>Conoce m\u00e1s en: <a href=\"https:\/\/linktr.ee\/psicologiaparati\">https:\/\/linktr.ee\/psicologiaparati<\/a>&nbsp;<\/p>\n","protected":false},"excerpt":{"rendered":"<p>Es muy importante dejar que tu hijo juegue con otros ni\u00f1os para que mejore sus formas de relacionarse <\/p>\n","protected":false},"author":16,"featured_media":2763,"comment_status":"open","ping_status":"open","sticky":false,"template":"","format":"standard","meta":{"om_disable_all_campaigns":false,"_monsterinsights_skip_tracking":false,"_monsterinsights_sitenote_active":false,"_monsterinsights_sitenote_note":"","_monsterinsights_sitenote_category":0,"_uf_show_specific_survey":0,"_uf_disable_surveys":false,"site-sidebar-layout":"default","site-content-layout":"","ast-site-content-layout":"default","site-content-style":"default","site-sidebar-style":"default","ast-global-header-display":"","ast-banner-title-visibility":"","ast-main-header-display":"","ast-hfb-above-header-display":"","ast-hfb-below-header-display":"","ast-hfb-mobile-header-display":"","site-post-title":"","ast-breadcrumbs-content":"","ast-featured-img":"","footer-sml-layout":"","theme-transparent-header-meta":"","adv-header-id-meta":"","stick-header-meta":"","header-above-stick-meta":"","header-main-stick-meta":"","header-below-stick-meta":"","astra-migrate-meta-layouts":"set","ast-page-background-enabled":"default","ast-page-background-meta":{"desktop":{"background-color":"var(--ast-global-color-4)","background-image":"","background-repeat":"repeat","background-position":"center center","background-size":"auto","background-attachment":"scroll","background-type":"","background-media":"","overlay-type":"","overlay-color":"","overlay-opacity":"","overlay-gradient":""},"tablet":{"background-color":"","background-image":"","background-repeat":"repeat","background-position":"center center","background-size":"auto","background-attachment":"scroll","background-type":"","background-media":"","overlay-type":"","overlay-color":"","overlay-opacity":"","overlay-gradient":""},"mobile":{"background-color":"","background-image":"","background-repeat":"repeat","background-position":"center center","background-size":"auto","background-attachment":"scroll","background-type":"","background-media":"","overlay-type":"","overlay-color":"","overlay-opacity":"","overlay-gradient":""}},"ast-content-background-meta":{"desktop":{"background-color":"var(--ast-global-color-5)","background-image":"","background-repeat":"repeat","background-position":"center center","background-size":"auto","background-attachment":"scroll","background-type":"","background-media":"","overlay-type":"","overlay-color":"","overlay-opacity":"","overlay-gradient":""},"tablet":{"background-color":"var(--ast-global-color-5)","background-image":"","background-repeat":"repeat","background-position":"center center","background-size":"auto","background-attachment":"scroll","background-type":"","background-media":"","overlay-type":"","overlay-color":"","overlay-opacity":"","overlay-gradient":""},"mobile":{"background-color":"var(--ast-global-color-5)","background-image":"","background-repeat":"repeat","background-position":"center center","background-size":"auto","background-attachment":"scroll","background-type":"","background-media":"","overlay-type":"","overlay-color":"","overlay-opacity":"","overlay-gradient":""}},"footnotes":""},"categories":[2,7],"tags":[],"class_list":["post-2762","post","type-post","status-publish","format-standard","has-post-thumbnail","hentry","category-nacional","category-opinion"],"aioseo_notices":[],"views":15,"_links":{"self":[{"href":"https:\/\/vidapublicarevista.com\/index.php\/wp-json\/wp\/v2\/posts\/2762","targetHints":{"allow":["GET"]}}],"collection":[{"href":"https:\/\/vidapublicarevista.com\/index.php\/wp-json\/wp\/v2\/posts"}],"about":[{"href":"https:\/\/vidapublicarevista.com\/index.php\/wp-json\/wp\/v2\/types\/post"}],"author":[{"embeddable":true,"href":"https:\/\/vidapublicarevista.com\/index.php\/wp-json\/wp\/v2\/users\/16"}],"replies":[{"embeddable":true,"href":"https:\/\/vidapublicarevista.com\/index.php\/wp-json\/wp\/v2\/comments?post=2762"}],"version-history":[{"count":1,"href":"https:\/\/vidapublicarevista.com\/index.php\/wp-json\/wp\/v2\/posts\/2762\/revisions"}],"predecessor-version":[{"id":2764,"href":"https:\/\/vidapublicarevista.com\/index.php\/wp-json\/wp\/v2\/posts\/2762\/revisions\/2764"}],"wp:featuredmedia":[{"embeddable":true,"href":"https:\/\/vidapublicarevista.com\/index.php\/wp-json\/wp\/v2\/media\/2763"}],"wp:attachment":[{"href":"https:\/\/vidapublicarevista.com\/index.php\/wp-json\/wp\/v2\/media?parent=2762"}],"wp:term":[{"taxonomy":"category","embeddable":true,"href":"https:\/\/vidapublicarevista.com\/index.php\/wp-json\/wp\/v2\/categories?post=2762"},{"taxonomy":"post_tag","embeddable":true,"href":"https:\/\/vidapublicarevista.com\/index.php\/wp-json\/wp\/v2\/tags?post=2762"}],"curies":[{"name":"wp","href":"https:\/\/api.w.org\/{rel}","templated":true}]}}