{"id":2741,"date":"2024-04-10T20:22:19","date_gmt":"2024-04-10T20:22:19","guid":{"rendered":"https:\/\/vidapublicarevista.com\/?p=2741"},"modified":"2024-04-10T20:22:19","modified_gmt":"2024-04-10T20:22:19","slug":"sobre-el-conflicto-provocado-por-la-invasion-al-local-de-la-embajada-mexicana-en-quito-ecuador","status":"publish","type":"post","link":"https:\/\/vidapublicarevista.com\/index.php\/2024\/04\/10\/sobre-el-conflicto-provocado-por-la-invasion-al-local-de-la-embajada-mexicana-en-quito-ecuador\/","title":{"rendered":"SOBRE EL CONFLICTO PROVOCADO POR LA INVASI\u00d3N AL LOCAL DE LA EMBAJADA MEXICANA EN QUITO, ECUADOR"},"content":{"rendered":"\n<p><\/p>\n\n\n\n<p>Desde la antig\u00fcedad, el concepto de asilo ya ha sido tema de discusi\u00f3n entre las naciones civilizadas.<\/p>\n\n\n\n<p>Existen tratados que aseguran que el derecho de asilo ya era contemplado en el antiguo&nbsp;Egipto; y no fue sino hasta que la instituci\u00f3n de la Iglesia Cat\u00f3lica fuera constituida en el a\u00f1o trescientos de nuestra era, que cualquier perseguido, incluso si lo era por un delito del fuero com\u00fan, pod\u00eda refugiarse en un templo cat\u00f3lico, y sus perseguidos no pod\u00edan entrar a capturarlo, so pena a ser sometidos a graves castigos.<\/p>\n\n\n\n<p>Esto no quiere decir que los templos cat\u00f3licos fueran refugio de criminales, de manera indiscriminada, sino que, se hac\u00eda necesario que el Estado comprobara que el refugiado en cuesti\u00f3n era culpable de un delito, para que las autoridades eclesi\u00e1sticas procedieran a entreg\u00e1rselo a las instancias jur\u00eddicas correspondientes.<\/p>\n\n\n\n<p>No fue sino hasta la revoluci\u00f3n francesa, que este tema ya fue tratado oficialmente por los diversos Estados existentes en aquel tiempo.<\/p>\n\n\n\n<p>Independientemente, de que mucho se ha hablado sobre los estatutos de la Convenci\u00f3n de Viena, de 1969, los temas sobre conflictos internacionales que en ella se tratan, son tan amplios, que en esta ocasi\u00f3n me basar\u00e9, exclusivamente, en la\u00a0CONVENCION SOBRE ASILO DIPLOM\u00c1TICO. <\/p>\n\n\n\n<p>Adoptado en la D\u00e9cima Conferencia Interamericana realizada en Caracas, Venezuela el 28 de marzo de 1954, y que entr\u00f3 en vigor el 29 de diciembre del mismo a\u00f1o.\u00a0\u00a0<\/p>\n\n\n\n<p>Y lo hago as\u00ed, porque no encontr\u00e9 que instituci\u00f3n internacional alguna haya cambiado alguno de los estatutos que se establecen en ella, aunque, como ya anot\u00e9, fue anterior a la Convenci\u00f3n de Viena.<\/p>\n\n\n\n<p>Para abreviar espacio, y sobre todo, en beneficio de la autenticidad, copiar\u00e9 literalmente los art\u00edculos que se establecieron relacionados con las causas del conflicto que nos ocupa:<\/p>\n\n\n\n<p><strong>Art\u00edculo II<\/strong>&nbsp;Todo Estado tiene derecho de conceder asilo; pero no est\u00e1 obligado a otorgarlo ni a declarar por qu\u00e9 lo niega.<\/p>\n\n\n\n<p><strong>Art\u00edculo III<\/strong>\u00a0No es l\u00edcito conceder asilo a personas que al tiempo de solicitarlo se encuentren inculpadas o procesadas en forma ante tribunales ordinarios competentes y por delitos comunes, o est\u00e9n condenadas por tales delitos y por dichos tribunales, sin haber cumplido las penas respectivas, ni a los desertores de fuerzas de tierra, mar y aire,\u00a0<strong>salvo que los hechos que motivan la solicitud de asilo, cualquiera que sea el caso, revistan claramente car\u00e1cter pol\u00edtico.<\/strong>\u00a0<\/p>\n\n\n\n<p>Las personas comprendidas en el inciso anterior que de hecho penetraren en un lugar adecuado para servir de asilo deber\u00e1n ser invitadas a retirarse o, seg\u00fan el caso, entregadas al gobierno local, que no podr\u00e1 Juzgarlas por delitos pol\u00edticos anteriores al momento de la entrega.<\/p>\n\n\n\n<p><strong>NOTA DE HLP:<\/strong>&nbsp;Definitivamente, el art\u00edculo III compromete en apariencia a M\u00e9xico, y hago \u00e9nfasis en apariencia, porque el art\u00edculo IV a la letra expone: (las negritas son m\u00edas)<\/p>\n\n\n\n<p><strong>Art\u00edculo IV<\/strong>&nbsp;<strong>Corresponde al ESTADO ASILANTE la calificaci\u00f3n de la naturaleza del delito o de los motivos de la persecuci\u00f3n.<\/strong><\/p>\n\n\n\n<p>O sea que, tal como sucedi\u00f3, la canciller\u00eda mexicana estudi\u00f3, durante el lapso que Jorge Glas permaneci\u00f3 como refugiado en la Embajada, (tre meses),&nbsp;&nbsp;los alegatos del Estado Ecuatoriano, a fin de comprobar si el ex vicepresidente de Ecuador era un delincuente del fuero com\u00fan y no un perseguido pol\u00edtico y, por lo visto, lleg\u00f3 a la \u00faltima conclusi\u00f3n.<\/p>\n\n\n\n<p>Y tambi\u00e9n, por lo visto, dicha conclusi\u00f3n fue acertada. De lo contrario, no le hubiera conferido a Glas la calidad de asilado, o, si lo hac\u00eda, el Estado Ecuatoriano, (l\u00e9ase Daniel Nobos), tendr\u00eda motivos para alegar en los juzgados internacionales, que M\u00e9xico habr\u00eda violado el art\u00edculo II establecido en la Convenci\u00f3n de Caracas.<\/p>\n\n\n\n<p>Convencido de lo anterior, y sabiendo que de no hacerlo Glas se escapar\u00eda de su venganza, orden\u00f3 un acto ilegal e inaudito: <\/p>\n\n\n\n<p>Invadir con lujo de fuerza al local de la embajada, y causar graves lesiones a los integrantes de la canciller\u00eda mexicana, con mucha m\u00e1s sevicia al jefe de la misma, el licenciado Roberto Canseco, quien, a mi juicio, el cual creo que comparten la mayor\u00eda de mexicanos, deber\u00eda ser condecorado, o al menos recibir un reconocimiento p\u00fablico directo de nuestro presidente Andr\u00e9s Manuel L\u00f3pez Obrador, por jugarse la vida para defender nuestra soberan\u00eda, de manera tan valiente y digna.<\/p>\n\n\n\n<p>Pero el hecho principal que hay que juzgar en los futuros juicios internacionales, no es si M\u00e9xico tuvo o no bases legales para conceder asilo a Jorge Glas, sino el hecho brutal de no respetar la inmunidad diplom\u00e1tica, logro que, como dije al principio, ha costado esfuerzos durante siglos para establecerla; y que adem\u00e1s establece un terrible precedente.<\/p>\n\n\n\n<p>Aunque\u00a0Jorge Casta\u00f1eda, ex militante del partido comunista, pero que a\u00f1os despu\u00e9s fuera secretario de relaciones exteriores durante el sexenio de Vicente Fox, se atreva decir, (y cito literalmente), en entrevista concedida a un reportero del Heraldo de M\u00e9xico, reproducida en YouTube desde el 9 de los corrientes (H en Vi),\u00a0dice:<\/p>\n\n\n\n<p>\u00a0\u201c\u2026mira, yo creo que no se puede descartar, no hay elementos pero no se puede descartar, que todo eso haya sido una gran provocaci\u00f3n urdida por L\u00f3pez Obrador en contubernio con Rafael Correa, el expresidente de el Ecuador (sic), que pasa una gran cantidad de tiempo en M\u00e9xico, es pr\u00f3fugo de la justicia y en M\u00e9xico no ha recibido asilo; solo lo recibi\u00f3 en B\u00e9lgica; donde (sic) le tendieron una especie de celada, trampa al presidente ecuatoriano joven, inexperto, empresario, que cay\u00f3 en esa trampa. <\/p>\n\n\n\n<p>No lo afirmo, pero tampoco lo descarto tambi\u00e9n, porque del lado mexicano tambi\u00e9n hubieron (sic) muchas irregularidades\u2026\u201d<\/p>\n\n\n\n<p>Sin embargo, y en honor a la verdad, tambi\u00e9n dice que esas irregularidades, ni ninguna otra circunstancia, justifican la invasi\u00f3n violenta a nuestra sede diplom\u00e1tica en Ecuador.<\/p>\n\n\n\n<p>Pero, s\u00ed, lo que expone, es que, en pocas palabras a Daniel Noboa lo chamaquearon. <\/p>\n\n\n\n<p>H\u00e1game usted el favor: d\u00edgame si no es para re\u00edr o ponerse a llorar.<\/p>\n","protected":false},"excerpt":{"rendered":"<p>H\u00e1game usted el favor: d\u00edgame si no es para re\u00edr o ponerse a llorar.<\/p>\n","protected":false},"author":11,"featured_media":2742,"comment_status":"open","ping_status":"open","sticky":false,"template":"","format":"standard","meta":{"om_disable_all_campaigns":false,"_monsterinsights_skip_tracking":false,"_monsterinsights_sitenote_active":false,"_monsterinsights_sitenote_note":"","_monsterinsights_sitenote_category":0,"_uf_show_specific_survey":0,"_uf_disable_surveys":false,"site-sidebar-layout":"default","site-content-layout":"","ast-site-content-layout":"default","site-content-style":"default","site-sidebar-style":"default","ast-global-header-display":"","ast-banner-title-visibility":"","ast-main-header-display":"","ast-hfb-above-header-display":"","ast-hfb-below-header-display":"","ast-hfb-mobile-header-display":"","site-post-title":"","ast-breadcrumbs-content":"","ast-featured-img":"","footer-sml-layout":"","theme-transparent-header-meta":"","adv-header-id-meta":"","stick-header-meta":"","header-above-stick-meta":"","header-main-stick-meta":"","header-below-stick-meta":"","astra-migrate-meta-layouts":"set","ast-page-background-enabled":"default","ast-page-background-meta":{"desktop":{"background-color":"var(--ast-global-color-4)","background-image":"","background-repeat":"repeat","background-position":"center center","background-size":"auto","background-attachment":"scroll","background-type":"","background-media":"","overlay-type":"","overlay-color":"","overlay-opacity":"","overlay-gradient":""},"tablet":{"background-color":"","background-image":"","background-repeat":"repeat","background-position":"center center","background-size":"auto","background-attachment":"scroll","background-type":"","background-media":"","overlay-type":"","overlay-color":"","overlay-opacity":"","overlay-gradient":""},"mobile":{"background-color":"","background-image":"","background-repeat":"repeat","background-position":"center center","background-size":"auto","background-attachment":"scroll","background-type":"","background-media":"","overlay-type":"","overlay-color":"","overlay-opacity":"","overlay-gradient":""}},"ast-content-background-meta":{"desktop":{"background-color":"var(--ast-global-color-5)","background-image":"","background-repeat":"repeat","background-position":"center center","background-size":"auto","background-attachment":"scroll","background-type":"","background-media":"","overlay-type":"","overlay-color":"","overlay-opacity":"","overlay-gradient":""},"tablet":{"background-color":"var(--ast-global-color-5)","background-image":"","background-repeat":"repeat","background-position":"center center","background-size":"auto","background-attachment":"scroll","background-type":"","background-media":"","overlay-type":"","overlay-color":"","overlay-opacity":"","overlay-gradient":""},"mobile":{"background-color":"var(--ast-global-color-5)","background-image":"","background-repeat":"repeat","background-position":"center center","background-size":"auto","background-attachment":"scroll","background-type":"","background-media":"","overlay-type":"","overlay-color":"","overlay-opacity":"","overlay-gradient":""}},"footnotes":""},"categories":[4,7],"tags":[],"class_list":["post-2741","post","type-post","status-publish","format-standard","has-post-thumbnail","hentry","category-internacional","category-opinion"],"aioseo_notices":[],"views":66,"_links":{"self":[{"href":"https:\/\/vidapublicarevista.com\/index.php\/wp-json\/wp\/v2\/posts\/2741","targetHints":{"allow":["GET"]}}],"collection":[{"href":"https:\/\/vidapublicarevista.com\/index.php\/wp-json\/wp\/v2\/posts"}],"about":[{"href":"https:\/\/vidapublicarevista.com\/index.php\/wp-json\/wp\/v2\/types\/post"}],"author":[{"embeddable":true,"href":"https:\/\/vidapublicarevista.com\/index.php\/wp-json\/wp\/v2\/users\/11"}],"replies":[{"embeddable":true,"href":"https:\/\/vidapublicarevista.com\/index.php\/wp-json\/wp\/v2\/comments?post=2741"}],"version-history":[{"count":1,"href":"https:\/\/vidapublicarevista.com\/index.php\/wp-json\/wp\/v2\/posts\/2741\/revisions"}],"predecessor-version":[{"id":2743,"href":"https:\/\/vidapublicarevista.com\/index.php\/wp-json\/wp\/v2\/posts\/2741\/revisions\/2743"}],"wp:featuredmedia":[{"embeddable":true,"href":"https:\/\/vidapublicarevista.com\/index.php\/wp-json\/wp\/v2\/media\/2742"}],"wp:attachment":[{"href":"https:\/\/vidapublicarevista.com\/index.php\/wp-json\/wp\/v2\/media?parent=2741"}],"wp:term":[{"taxonomy":"category","embeddable":true,"href":"https:\/\/vidapublicarevista.com\/index.php\/wp-json\/wp\/v2\/categories?post=2741"},{"taxonomy":"post_tag","embeddable":true,"href":"https:\/\/vidapublicarevista.com\/index.php\/wp-json\/wp\/v2\/tags?post=2741"}],"curies":[{"name":"wp","href":"https:\/\/api.w.org\/{rel}","templated":true}]}}