{"id":2673,"date":"2024-03-22T17:01:45","date_gmt":"2024-03-22T17:01:45","guid":{"rendered":"https:\/\/vidapublicarevista.com\/?p=2673"},"modified":"2024-03-22T17:01:45","modified_gmt":"2024-03-22T17:01:45","slug":"elecciones-una-encrucijada-psicologica","status":"publish","type":"post","link":"https:\/\/vidapublicarevista.com\/index.php\/2024\/03\/22\/elecciones-una-encrucijada-psicologica\/","title":{"rendered":"Elecciones, una encrucijada psicol\u00f3gica"},"content":{"rendered":"\n<p><\/p>\n\n\n\n<p><strong><em>SOMOS NUESTRA MEMORIA<\/em><\/strong><\/p>\n\n\n\n<p>En psicolog\u00eda existe el termino <em>impasse<\/em>, que se refiere a una situaci\u00f3n donde es dif\u00edcil decidir entre dos opciones, y en ese sentido M\u00e9xico se encuentra (otra vez) en un momento crucial de su camino hacia la democracia. <\/p>\n\n\n\n<p>Este proceso no s\u00f3lo pone a prueba la solidez de las instituciones del pa\u00eds frente al narcotr\u00e1fico, sino que tambi\u00e9n muestra el poder transformador y las complejidades inherentes a las campa\u00f1as pol\u00edticas.\u00a0<\/p>\n\n\n\n<p>En un sentido positivo, las din\u00e1micas electorales han servido como motores de participaci\u00f3n y empoderamiento para los mexicanos. Por ejemplo, distintas figuras han inspirado esperanza al proponer visiones innovadoras que prometen mejorar la calidad de vida de la ciudadan\u00eda. <\/p>\n\n\n\n<p>La perspectiva de elegir a la primera mujer presidenta marca un hito en la historia pol\u00edtica de M\u00e9xico, representando avances significativos en la inclusi\u00f3n y diversificaci\u00f3n pol\u00edtica.<\/p>\n\n\n\n<p>Uno de los aspectos m\u00e1s alentadores de las campa\u00f1as pol\u00edticas en M\u00e9xico es su capacidad para movilizar y fortalecer a la poblaci\u00f3n. <\/p>\n\n\n\n<p>Candidatos como Claudia Sheinbaum defienden la lucha contra la pobreza y la continuidad de los programas sociales, ha logrado inspirar un sentimiento de optimismo y esperanza en diferentes sectores de la sociedad, con una necesaria correcci\u00f3n de los errores de su antecesor y buscando eliminar la corrupci\u00f3n, la militarizaci\u00f3n y la participaci\u00f3n del narcotr\u00e1fico en la vida p\u00fablica del pa\u00eds, que hasta el d\u00eda de hoy son una constante.\u00a0<\/p>\n\n\n\n<p><strong>\u00bfCu\u00e1les son los impactos positivos de las campa\u00f1as?<\/strong><\/p>\n\n\n\n<ul class=\"wp-block-list\">\n<li>Empoderamiento y participaci\u00f3n: Las campa\u00f1as pol\u00edticas pueden generar entusiasmo, especialmente cuando los votantes se sienten representados y ven reflejadas sus preocupaciones en las propuestas de los candidatos.<\/li>\n\n\n\n<li>Esperanza y optimismo: Las promesas de cambio y mejora en la calidad de vida, cuando son percibidas como cre\u00edbles y alineadas con los deseos de los votantes, pueden generar optimismo y esperanza en el futuro.<\/li>\n\n\n\n<li>Conexi\u00f3n comunitaria: Las campa\u00f1as suelen fomentar el sentimiento de comunidad y pertenencia, ya que las personas se unen para apoyar a sus candidatos, compartiendo ideales y objetivos comunes.<\/li>\n<\/ul>\n\n\n\n<p><strong>\u00bfCu\u00e1les son los impactos negativos?<\/strong><\/p>\n\n\n\n<ul class=\"wp-block-list\">\n<li>Estr\u00e9s y ansiedad: La incertidumbre y la polarizaci\u00f3n en las campa\u00f1as pol\u00edticas, aunado a que la basura pol\u00edtica se mezcla subrepticiamente, enoja a la poblaci\u00f3n.&nbsp;<\/li>\n\n\n\n<li>Cansancio: La sobreexposici\u00f3n a publicidad falsa, discusiones est\u00e9riles y an\u00e1lisis in\u00fatiles puede llevar al desgaste, lo que se llama &#8220;fatiga electoral&#8221;.<\/li>\n\n\n\n<li>Polarizaci\u00f3n y conflictos: Las campa\u00f1as a menudo exacerban las divisiones, pudiendo llevar a conflictos interpersonales y sociales, especialmente cuando se fomenta la ret\u00f3rica que divide y se atacan las identidades grupales.<\/li>\n<\/ul>\n\n\n\n<p>El camino hacia las elecciones en M\u00e9xico se ve complicado y lleno de incertidumbre. <\/p>\n\n\n\n<p>La violencia pol\u00edtica, que se ha intensificado debido a los conflictos relacionados con la narcopol\u00edtica, representa un desaf\u00edo cr\u00edtico para la endeble estabilidad nacional. <\/p>\n\n\n\n<p>Esta ola de violencia se ha manifestado en una serie alarmante de ataques contra la poblaci\u00f3n, pol\u00edticos y funcionarios, lo cual demuestra lo fr\u00e1gil que es el sistema pol\u00edtico frente a la infiltraci\u00f3n y la agresi\u00f3n de elementos criminales. <\/p>\n\n\n\n<p>En lugares como Veracruz, Oaxaca, Puebla, Guerrero y Michoac\u00e1n, la amenaza de violencia electoral es especialmente grave, poniendo en peligro la vida de los candidatos y generando un clima de miedo y desconfianza entre los votantes.<\/p>\n\n\n\n<p>Enfrentando la complejidad de esta realidad, se vuelve imperativo que los actores pol\u00edticos, la sociedad civil y las autoridades en M\u00e9xico unamos fuerzas para crear un entorno electoral que sea tanto seguro como inclusivo. <\/p>\n\n\n\n<p>Establecer protocolos de seguridad robustos, junto con el desarrollo e implementaci\u00f3n de campa\u00f1as educativas que enfaticen la importancia del respeto mutuo, la tolerancia y el di\u00e1logo constructivo, constituye un paso fundamental para atenuar las repercusiones de la violencia en el \u00e1mbito electoral.<\/p>\n\n\n\n<p>Sin embargo, la soluci\u00f3n a largo plazo requiere de una mirada m\u00e1s profunda que vaya m\u00e1s all\u00e1 de las respuestas inmediatas. <\/p>\n\n\n\n<p>Es crucial abordar las ra\u00edces estructurales de la violencia y el malestar social, lo que significa comprometerse con el fortalecimiento del Estado de derecho y la promoci\u00f3n de una justicia accesible, transparente y equitativa.\u00a0<\/p>\n\n\n\n<p>Abrazar el principio de la paz asegurar\u00e1 no solo la legitimidad y la transparencia de las elecciones, sino que tambi\u00e9n reforzar\u00e1 la fe en las instituciones democr\u00e1ticas, incentivando una mayor y m\u00e1s activa participaci\u00f3n ciudadana en el proceso pol\u00edtico, algo que hoy es faccioso y con hartazgo.<\/p>\n\n\n\n<p>Causas y azares\u2026<\/p>\n\n\n\n<ol class=\"wp-block-list\">\n<li>Las campa\u00f1as pol\u00edticas son divertidas porque dejan ver la realidad de los partidos pol\u00edticos, su intimidad y de que est\u00e1 hecha la sociedad para aceptar farsantes otra vez.<\/li>\n<\/ol>\n\n\n\n<p>Hasta la pr\u00f3xima, que considero a la democracia un abuso de la estad\u00edstica.&nbsp;<\/p>\n\n\n\n<p>Facebook: <a href=\"https:\/\/linktr.ee\/psicologiaparati\">https:\/\/linktr.ee\/psicologiaparati<\/a>&nbsp;<\/p>\n","protected":false},"excerpt":{"rendered":"<p>La perspectiva de elegir a la primera mujer presidenta marca un hito en la historia pol\u00edtica de M\u00e9xico.<\/p>\n","protected":false},"author":16,"featured_media":2674,"comment_status":"open","ping_status":"open","sticky":false,"template":"","format":"standard","meta":{"om_disable_all_campaigns":false,"_monsterinsights_skip_tracking":false,"_monsterinsights_sitenote_active":false,"_monsterinsights_sitenote_note":"","_monsterinsights_sitenote_category":0,"_uf_show_specific_survey":0,"_uf_disable_surveys":false,"site-sidebar-layout":"default","site-content-layout":"","ast-site-content-layout":"default","site-content-style":"default","site-sidebar-style":"default","ast-global-header-display":"","ast-banner-title-visibility":"","ast-main-header-display":"","ast-hfb-above-header-display":"","ast-hfb-below-header-display":"","ast-hfb-mobile-header-display":"","site-post-title":"","ast-breadcrumbs-content":"","ast-featured-img":"","footer-sml-layout":"","theme-transparent-header-meta":"","adv-header-id-meta":"","stick-header-meta":"","header-above-stick-meta":"","header-main-stick-meta":"","header-below-stick-meta":"","astra-migrate-meta-layouts":"set","ast-page-background-enabled":"default","ast-page-background-meta":{"desktop":{"background-color":"var(--ast-global-color-4)","background-image":"","background-repeat":"repeat","background-position":"center center","background-size":"auto","background-attachment":"scroll","background-type":"","background-media":"","overlay-type":"","overlay-color":"","overlay-opacity":"","overlay-gradient":""},"tablet":{"background-color":"","background-image":"","background-repeat":"repeat","background-position":"center center","background-size":"auto","background-attachment":"scroll","background-type":"","background-media":"","overlay-type":"","overlay-color":"","overlay-opacity":"","overlay-gradient":""},"mobile":{"background-color":"","background-image":"","background-repeat":"repeat","background-position":"center center","background-size":"auto","background-attachment":"scroll","background-type":"","background-media":"","overlay-type":"","overlay-color":"","overlay-opacity":"","overlay-gradient":""}},"ast-content-background-meta":{"desktop":{"background-color":"var(--ast-global-color-5)","background-image":"","background-repeat":"repeat","background-position":"center center","background-size":"auto","background-attachment":"scroll","background-type":"","background-media":"","overlay-type":"","overlay-color":"","overlay-opacity":"","overlay-gradient":""},"tablet":{"background-color":"var(--ast-global-color-5)","background-image":"","background-repeat":"repeat","background-position":"center center","background-size":"auto","background-attachment":"scroll","background-type":"","background-media":"","overlay-type":"","overlay-color":"","overlay-opacity":"","overlay-gradient":""},"mobile":{"background-color":"var(--ast-global-color-5)","background-image":"","background-repeat":"repeat","background-position":"center center","background-size":"auto","background-attachment":"scroll","background-type":"","background-media":"","overlay-type":"","overlay-color":"","overlay-opacity":"","overlay-gradient":""}},"footnotes":""},"categories":[2,7],"tags":[],"class_list":["post-2673","post","type-post","status-publish","format-standard","has-post-thumbnail","hentry","category-nacional","category-opinion"],"aioseo_notices":[],"views":25,"_links":{"self":[{"href":"https:\/\/vidapublicarevista.com\/index.php\/wp-json\/wp\/v2\/posts\/2673","targetHints":{"allow":["GET"]}}],"collection":[{"href":"https:\/\/vidapublicarevista.com\/index.php\/wp-json\/wp\/v2\/posts"}],"about":[{"href":"https:\/\/vidapublicarevista.com\/index.php\/wp-json\/wp\/v2\/types\/post"}],"author":[{"embeddable":true,"href":"https:\/\/vidapublicarevista.com\/index.php\/wp-json\/wp\/v2\/users\/16"}],"replies":[{"embeddable":true,"href":"https:\/\/vidapublicarevista.com\/index.php\/wp-json\/wp\/v2\/comments?post=2673"}],"version-history":[{"count":1,"href":"https:\/\/vidapublicarevista.com\/index.php\/wp-json\/wp\/v2\/posts\/2673\/revisions"}],"predecessor-version":[{"id":2675,"href":"https:\/\/vidapublicarevista.com\/index.php\/wp-json\/wp\/v2\/posts\/2673\/revisions\/2675"}],"wp:featuredmedia":[{"embeddable":true,"href":"https:\/\/vidapublicarevista.com\/index.php\/wp-json\/wp\/v2\/media\/2674"}],"wp:attachment":[{"href":"https:\/\/vidapublicarevista.com\/index.php\/wp-json\/wp\/v2\/media?parent=2673"}],"wp:term":[{"taxonomy":"category","embeddable":true,"href":"https:\/\/vidapublicarevista.com\/index.php\/wp-json\/wp\/v2\/categories?post=2673"},{"taxonomy":"post_tag","embeddable":true,"href":"https:\/\/vidapublicarevista.com\/index.php\/wp-json\/wp\/v2\/tags?post=2673"}],"curies":[{"name":"wp","href":"https:\/\/api.w.org\/{rel}","templated":true}]}}