{"id":2368,"date":"2024-01-25T18:49:40","date_gmt":"2024-01-25T18:49:40","guid":{"rendered":"https:\/\/vidapublicarevista.com\/?p=2368"},"modified":"2024-01-25T18:51:35","modified_gmt":"2024-01-25T18:51:35","slug":"avanti-popolo-el-ine-no-se-toca","status":"publish","type":"post","link":"https:\/\/vidapublicarevista.com\/index.php\/2024\/01\/25\/avanti-popolo-el-ine-no-se-toca\/","title":{"rendered":"\u00a1AVANTI POPOLO!\u00a0\u00bfEL INE NO SE TOCA?"},"content":{"rendered":"\n<p><\/p>\n\n\n\n<p><strong><em>TR\u00c1S REVELAR EL ESCANDALOSO COCHUPO COAHUILA GATE;&nbsp;<\/em><\/strong><\/p>\n\n\n\n<p><strong><em>CON QUE CARA SALDR\u00c1N LOS CONSERVADORES A GRITAR EL PR\u00d3XIMO 18 DE FEBRERO QUE:<\/em><\/strong><\/p>\n\n\n\n<p><strong><em>\u00a1EL INE NO SE TOCA!&nbsp;<\/em><\/strong><\/p>\n\n\n\n<p><em>Aunque parezca inoportuno, poco apropiado y se antoje partidista e ilegal: Habr\u00e1 una nueva marcha en defensa del INE. &nbsp;<\/em><\/p>\n\n\n\n<p><em>La sociedad civil representada por el magnifico elenco de actores de: <\/em><\/p>\n\n\n\n<p><em>El circo pol\u00edtico conservador y su m\u00e1xima estrella; el dem\u00f3crata buf\u00f3n Lorenzo C\u00f3rdova Vianello, marchando entre la algarab\u00eda de los \u201cXochitlecos\u201d ejecutando vistosas acrobacias, ser\u00e1 la m\u00e1xima atracci\u00f3n;&nbsp;actuando para usted, la magn\u00edfica pieza de oratoria&nbsp;momento principal. &nbsp;<\/em><\/p>\n\n\n\n<p><em>\u00bfPor qu\u00e9 lo hace? \u00bfPor cu\u00e1nto lo hace? \u00bfCu\u00e1l es su aspiraci\u00f3n pol\u00edtica? \u00bfSe ha trepado a la pista buscando los reflectores de la gran Carpa; con alguna visionaria intenci\u00f3n\u2026?&nbsp; &nbsp;<\/em><\/p>\n\n\n\n<p><em>Si no fuera, porque \u00e9l, no re\u00fanes las condiciones personales y pol\u00edticas suficientes, cualquiera pensar\u00eda que s\u00ed: qu\u00e9 lo hace con la peregrina idea de ver si puede reemplazar a la candidata presidencial de los conservadores\u2026 &nbsp;<\/em><\/p>\n\n\n\n<p><em>Pero no, estoy seguro que no es por eso. Y si&nbsp; acaso lo fuera; yo dir\u00eda que lo han aconsejado mal sus aduladores. &nbsp;<\/em><\/p>\n\n\n\n<p><em>Porque a pesar de que X\u00f3chitl G\u00e1lvez, la candidata a la presidencia de la rep\u00fablica por la coalici\u00f3n; Fuerza y Coraz\u00f3n Por M\u00e9xico y su desairada; su desangelada &nbsp;y escu\u00e1lida campa\u00f1a proselitista; no levantan m\u00e1s all\u00e1 del inter\u00e9s del voto duro, y el aplauso obligado del c\u00edrculo conservador; insuficiente para competir medianamente, con decoro. <\/em><\/p>\n\n\n\n<p><em>A\u00fan as\u00ed, X\u00f3chitl G\u00e1lvez, es m\u00e1s que \u00e9l buf\u00f3n C\u00f3rdova VIanello. <\/em><\/p>\n\n\n\n<p><em>Y comprendo muy bien, porqu\u00e9 ella no levanta el inter\u00e9s y la pasi\u00f3n pol\u00edtica. &nbsp;<\/em><\/p>\n\n\n\n<p><em>S\u00ed, me refiero a la pasi\u00f3n pol\u00edtica que toda campa\u00f1a por la presidencia de la rep\u00fablica suele despertar; cuando es competitiva; ya no&nbsp;digamos que sea re\u00f1ida, o parejera.&nbsp;<\/em><\/p>\n\n\n\n<p><em>A pesar de todo eso, que parece indicar, que tanto ella, como la&nbsp; coalici\u00f3n opositora que la postula; necesitan de una poderosa inyecci\u00f3n que les infunda nuevos br\u00edos, y un fuerte golpe de tim\u00f3n; que les d\u00e9 una fuerte sacudida&nbsp;y los haga salir de su marasmo de mediocridad:&nbsp;<\/em><\/p>\n\n\n\n<p><em>No es Lorenzo C\u00f3rdova Vianello \u00e9l personaje apropiado para hacerlo. No ser\u00e1 precisamente un racista desprestigiado como \u00e9l; un clasista ex presidente del INE, qui\u00e9n no tiene, ni podr\u00e1 llegar a tener, porque le est\u00e1 negado por s\u00ed mismo: &nbsp;<\/em><\/p>\n\n\n\n<p><em>El carisma de un l\u00edder combativo, alegre y sencillo que tanto le gusta a la gente; ni el semblante de la personalidad arrolladora que entusiasma e infunde confianza; ni el encanto que cautiva; mucho menos el discurso que emociona; que apasiona e invita a luchar\u2026 no\u2026 \u00e9l no tiene todo eso. <\/em><\/p>\n\n\n\n<p><em>\u00c9l todo lo que tiene, es una presencia arrogante, con aspecto de ni\u00f1o mimado de la \u00e9lite; y un proceder cretino y engre\u00eddo que lo envuelve en un historial tan p\u00e9simo; que lo descalifica ante el pueblo al primer golpe de vista. &nbsp;<\/em><\/p>\n\n\n\n<p><em>Y, como para la primera impresi\u00f3n; no existe segunda oportunidad: \u00e9l, de entrada, est\u00e1 ya fuera de la competencia\u2026&nbsp;<\/em><\/p>\n\n\n\n<p><em>De tal manera, que, tendr\u00edamos que pedirle a un serio y acertado columnista pol\u00edtico:\u00a0<\/em><strong><em>al Maestro Jorge Luis T\u00e9lles y a su bolita de cristal<\/em><\/strong><em>; apelando a toda su experiencia y perspicacia pol\u00edtica, para que nos ayude a descifrar: <\/em><\/p>\n\n\n\n<p><em>Que es lo que quiere \u00e9l buf\u00f3n Lorenzo C\u00f3rdova Vianello, que es lo busca el pr\u00f3ximo 18 de febrero; cuando se lance a la palestra encabezando la marcha en defensa del INE y, como \u00fanico orador; acapare todos los reflectores del circo pol\u00edtico.&nbsp;&nbsp; &nbsp;<\/em><\/p>\n\n\n\n<p><em>Es se &#8220;desniega&#8221; con hip\u00f3crita cinismo diciendo, que, &#8220;est\u00e1 no ser\u00e1 una marcha de proselitismo pol\u00edtico&#8221;. &nbsp;<\/em><\/p>\n\n\n\n<p><em>Pero una marcha en medio de la efervescencia pol\u00edtica, posterior al cierre de las precampa\u00f1as; y &nbsp;acaparando la atenci\u00f3n del periodo de inter-campa\u00f1as: &nbsp;<\/em><\/p>\n\n\n\n<p><em>Si no es una marcha de proselitismo pol\u00edtico; entonces, d\u00edgame usted amigo lector lo que ser\u00e1.&nbsp;<\/em><\/p>\n\n\n\n<p><em>\u00bfEs que acaso la democracia un platillo que se prepara en fr\u00edo y para comerse se &nbsp;calienta? &nbsp;<\/em><\/p>\n\n\n\n<p><em>\u00bfY Lorenzo C\u00f3rdova; es entonces el consentido de la casualidad? Y que despu\u00e9s de jinetear las finanzas de INE por nueve a\u00f1os consecutivos; d\u00f3nde se hizo de mulas Pedro y se dedic\u00f3 a distorsionar la democracia con todas las recetas que usted se puede imaginar, y que al regresar a &#8220;La Gran Academia Mexicana del Derecho&#8221; d\u00f3nde ahora se aburre de lo lindo:<\/em><\/p>\n\n\n\n<p><em>\u00bfNo ha podido soportar la tentaci\u00f3n de volver a sentir la adrenalina de la Real Politik; e impetuoso como es; ha saltado por puro gusto a la resbalosa pista del circo Prianista?&nbsp;<\/em><\/p>\n\n\n\n<p><em>Pronto lo sabremos.&nbsp;&nbsp;&nbsp;&nbsp;&nbsp;&nbsp;&nbsp;&nbsp;&nbsp;&nbsp;&nbsp;&nbsp;&nbsp;&nbsp;&nbsp;&nbsp;&nbsp;&nbsp;&nbsp;&nbsp; &nbsp;<\/em><\/p>\n","protected":false},"excerpt":{"rendered":"<p>El circo pol\u00edtico conservador y su m\u00e1xima estrella; el dem\u00f3crata buf\u00f3n Lorenzo C\u00f3rdova Vianello.<\/p>\n","protected":false},"author":4,"featured_media":2369,"comment_status":"open","ping_status":"open","sticky":false,"template":"","format":"standard","meta":{"om_disable_all_campaigns":false,"_monsterinsights_skip_tracking":false,"_monsterinsights_sitenote_active":false,"_monsterinsights_sitenote_note":"","_monsterinsights_sitenote_category":0,"_uf_show_specific_survey":0,"_uf_disable_surveys":false,"site-sidebar-layout":"default","site-content-layout":"","ast-site-content-layout":"","site-content-style":"default","site-sidebar-style":"default","ast-global-header-display":"","ast-banner-title-visibility":"","ast-main-header-display":"","ast-hfb-above-header-display":"","ast-hfb-below-header-display":"","ast-hfb-mobile-header-display":"","site-post-title":"","ast-breadcrumbs-content":"","ast-featured-img":"","footer-sml-layout":"","theme-transparent-header-meta":"","adv-header-id-meta":"","stick-header-meta":"","header-above-stick-meta":"","header-main-stick-meta":"","header-below-stick-meta":"","astra-migrate-meta-layouts":"default","ast-page-background-enabled":"default","ast-page-background-meta":{"desktop":{"background-color":"var(--ast-global-color-4)","background-image":"","background-repeat":"repeat","background-position":"center center","background-size":"auto","background-attachment":"scroll","background-type":"","background-media":"","overlay-type":"","overlay-color":"","overlay-opacity":"","overlay-gradient":""},"tablet":{"background-color":"","background-image":"","background-repeat":"repeat","background-position":"center center","background-size":"auto","background-attachment":"scroll","background-type":"","background-media":"","overlay-type":"","overlay-color":"","overlay-opacity":"","overlay-gradient":""},"mobile":{"background-color":"","background-image":"","background-repeat":"repeat","background-position":"center center","background-size":"auto","background-attachment":"scroll","background-type":"","background-media":"","overlay-type":"","overlay-color":"","overlay-opacity":"","overlay-gradient":""}},"ast-content-background-meta":{"desktop":{"background-color":"var(--ast-global-color-5)","background-image":"","background-repeat":"repeat","background-position":"center center","background-size":"auto","background-attachment":"scroll","background-type":"","background-media":"","overlay-type":"","overlay-color":"","overlay-opacity":"","overlay-gradient":""},"tablet":{"background-color":"var(--ast-global-color-5)","background-image":"","background-repeat":"repeat","background-position":"center center","background-size":"auto","background-attachment":"scroll","background-type":"","background-media":"","overlay-type":"","overlay-color":"","overlay-opacity":"","overlay-gradient":""},"mobile":{"background-color":"var(--ast-global-color-5)","background-image":"","background-repeat":"repeat","background-position":"center center","background-size":"auto","background-attachment":"scroll","background-type":"","background-media":"","overlay-type":"","overlay-color":"","overlay-opacity":"","overlay-gradient":""}},"footnotes":""},"categories":[2,7],"tags":[],"class_list":["post-2368","post","type-post","status-publish","format-standard","has-post-thumbnail","hentry","category-nacional","category-opinion"],"aioseo_notices":[],"views":52,"_links":{"self":[{"href":"https:\/\/vidapublicarevista.com\/index.php\/wp-json\/wp\/v2\/posts\/2368","targetHints":{"allow":["GET"]}}],"collection":[{"href":"https:\/\/vidapublicarevista.com\/index.php\/wp-json\/wp\/v2\/posts"}],"about":[{"href":"https:\/\/vidapublicarevista.com\/index.php\/wp-json\/wp\/v2\/types\/post"}],"author":[{"embeddable":true,"href":"https:\/\/vidapublicarevista.com\/index.php\/wp-json\/wp\/v2\/users\/4"}],"replies":[{"embeddable":true,"href":"https:\/\/vidapublicarevista.com\/index.php\/wp-json\/wp\/v2\/comments?post=2368"}],"version-history":[{"count":3,"href":"https:\/\/vidapublicarevista.com\/index.php\/wp-json\/wp\/v2\/posts\/2368\/revisions"}],"predecessor-version":[{"id":2372,"href":"https:\/\/vidapublicarevista.com\/index.php\/wp-json\/wp\/v2\/posts\/2368\/revisions\/2372"}],"wp:featuredmedia":[{"embeddable":true,"href":"https:\/\/vidapublicarevista.com\/index.php\/wp-json\/wp\/v2\/media\/2369"}],"wp:attachment":[{"href":"https:\/\/vidapublicarevista.com\/index.php\/wp-json\/wp\/v2\/media?parent=2368"}],"wp:term":[{"taxonomy":"category","embeddable":true,"href":"https:\/\/vidapublicarevista.com\/index.php\/wp-json\/wp\/v2\/categories?post=2368"},{"taxonomy":"post_tag","embeddable":true,"href":"https:\/\/vidapublicarevista.com\/index.php\/wp-json\/wp\/v2\/tags?post=2368"}],"curies":[{"name":"wp","href":"https:\/\/api.w.org\/{rel}","templated":true}]}}