{"id":2147,"date":"2023-12-18T23:56:44","date_gmt":"2023-12-18T23:56:44","guid":{"rendered":"https:\/\/vidapublicarevista.com\/?p=2147"},"modified":"2024-01-04T20:49:20","modified_gmt":"2024-01-04T20:49:20","slug":"la-ciudad-huele-mal-se-ve-mal-pero-la-contaminacion-implica-mas-riesgo","status":"publish","type":"post","link":"https:\/\/vidapublicarevista.com\/index.php\/2023\/12\/18\/la-ciudad-huele-mal-se-ve-mal-pero-la-contaminacion-implica-mas-riesgo\/","title":{"rendered":"\u00a1La ciudad huele mal, se ve mal; pero la contaminaci\u00f3n implica m\u00e1s riesgo!"},"content":{"rendered":"\n<p><strong>18 de Diciembre de 2023<\/strong><\/p>\n\n\n\n<p>No se necesita ser muy inteligente ni contar con tantas oficinas de planeaci\u00f3n para saber que las ciudades de Sinaloa y casi la mayor\u00eda de M\u00e9xico -incluso hasta los peque\u00f1os pueblos-&nbsp;<strong>padecen un secular abandono en el aspecto urbano<\/strong>. <\/p>\n\n\n\n<p>Si bien se realizaban obras en los \u00faltimos periodos de gobierno, estas eran aisladas sin contar con proyectos. Asignadas o concursadas bajo criterios cuestionables donde el \u201cmoche\u201d era el que determinaba quien la ejecutara y se realizaban sin control, de p\u00e9sima calidad y muchas quedan en el paisaje inconclusas hasta hoy.<\/p>\n\n\n\n<p>Tampoco se necesita m\u00e1s que solo \u201ctres dedos de frente\u201d para intuir que muchas de las instancias relacionadas con el&nbsp;<strong>servicio de agua y drenaje,&nbsp;<\/strong>as\u00ed como muchos de las dependencias del m\u00e1s diversos giros como los&nbsp;<strong>m\u00f3dulos de riego, la seguridad, la salud, instituciones de educaci\u00f3n, cultura y sindicatos<\/strong>; por no decir la mayor\u00eda. <\/p>\n\n\n\n<p>Han sido un terreno demarcado por grupos que las controlan de manera patrimonialista y que defienden y mantienen un dominio de la operatividad y las ganancias se reparten; mientras la reinversi\u00f3n en la modernizaci\u00f3n se posterga y cuando hay p\u00e9rdidas se socializan y se acude a ellas mediante inversiones gubernamentales; es decir, se privatizan las ganancias y se socializan las deudas.<\/p>\n\n\n\n<p>As\u00ed esos&nbsp;<strong>\u201ccotos de poder\u201d&nbsp;<\/strong>manejados de manera patrimonialista han sido usados como cajas chicas que comparten privilegios y muy de vez en cuando; al entrar en confrontaci\u00f3n con otro grupo gobernante en turno, reciben cierta atenci\u00f3n, pero todav\u00eda es m\u00e1s extra\u00f1o cuando se radicalizan las relaciones y brotan al dominio p\u00fablico lo que todos sabemos, pero por sabido \u2013y consecuencias- se calla.<\/p>\n\n\n\n<p>Casi siempre las confrontaciones terminan en componendas y acuerdos ya que entre ellos se pueden hacer da\u00f1o, pero nunca se lastiman; primero el negocio que la confrontaci\u00f3n o ruptura. Los espacios medi\u00e1ticos tambi\u00e9n participan de ese fest\u00edn.&nbsp;<\/p>\n\n\n\n<p>Todos sabemos que, en Culiac\u00e1n, como en casi todas las ciudades y pueblos con drenaje el funcionamiento est\u00e1 colapsado. Algunos tramos desde su origen de la realizaci\u00f3n de la obra su funcionamiento y calidad no importaba. En general todo el drenaje adolece de mantenimiento y la capacidad est\u00e1 rebasada hace d\u00e9cadas.<\/p>\n\n\n\n<p>As\u00ed que por los cuatro puntos cardinales de la ciudad vemos aparecer escurrimientos de aguas negras al aire libre, que por lo comunes han sido vistos como cosa natural. <\/p>\n\n\n\n<p>Nadie parece interesarse, ni responsabilizarse, muchos de ellos tienen a\u00f1os corriendo al lado de comercios dedicados a la comida o junto a escuelas; corren y corren dejando una estela de putrefacci\u00f3n y contaminaci\u00f3n hasta encontrar el arroyo que los lleva directamente al r\u00edo o canal.<\/p>\n\n\n\n<p>Ya tambi\u00e9n es muy com\u00fan que sin motivo aparente las alcantarillas por todas partes brotan en fuentes de hedor y contaminaci\u00f3n y son tantas y por donde quiera, que es imposible esquivarlas con los autos que dispersan esos lodos por todo el ambiente. Cuando la ciudadan\u00eda reclama a lo m\u00e1s que llegan nuestras autoridades responsables, sea de salud, obras p\u00fablicas o distintas esferas de gobierno es <\/p>\n\n\n\n<p>aceptar que se tiene un problema y que se est\u00e1 buscando reparar, pero las intervenciones son tan superficiales que apenas se retiran quienes la reparan a las pocas horas se agrava la situaci\u00f3n.<\/p>\n\n\n\n<p>Quienes con cierta sistematicidad hemos venido denunciando este tipo de problemas, vimos esperanzados la llegada de un gobierno distinto a los tradicionales, porque cre\u00edmos que se abandonar\u00eda esa pr\u00e1ctica de maquillaje y simulaci\u00f3n y se llevar\u00edan a cabo obras de trascendencia, que buscaran erradicar de fondo los problemas; a dos a\u00f1os del mismo nuestras esperanzas se diluyen.<\/p>\n\n\n\n<p>Es una pena constatar que se desojan los d\u00edas, meses y a\u00f1os y no hay el m\u00ednimo indicio de obras y vamos de mal en peor. De perdida en los otros gobiernos se elaboraban planes y proyectos que se publicitaban y ten\u00edan el atrevimiento de someterlos a cierta participaci\u00f3n ciudadana, aunque; al final solo quedaran en proyecto o se realizaba la parte que beneficiaba a ciertos \u201ccuates\u201d. <\/p>\n\n\n\n<p>Hoy ni siquiera existen indicios de planes y proyectos tendientes a resolver problemas puntuales; menos planes integrales con plazos que vislumbren un cambio de fondo y forma y reestructure la maltrecha y contaminada ciudad.<\/p>\n\n\n\n<p>No se le puede pedir peras al olmo, pareciera que seguiremos viendo una ciudad de alcantarillas como fuentes de aguas negras, llena de basura, oscura o con alumbrado p\u00fablico muy deficiente, sin pavimentos o en mal estado, sin parques o espacios p\u00fablicos para la convivencia y con un sistema de transporte indecente. A la distancia podemos observar a nuestras autoridades que se pasean por los distintos rumbos del estado repartiendo peque\u00f1as obras aisladas, sin una visi\u00f3n integral como si fuesen espejitos que, si bien atienden, pero no resuelven.<\/p>\n\n\n\n<p>Y cuando se anuncia un tipo de obra de cierta envergadura; como el famoso \u201ccircuito vial\u201d es una muestra que se siguen privilegiando el tipo de obras \u201cemblem\u00e1ticas\u201d m\u00e1s que funcionales y de verdadero impacto social. Dirigidas a sectores muy espec\u00edficos y por m\u00e1s que se intente difundir otras razones no es dif\u00edcil percibir los trasfondos y no son precisamente son sociales. <\/p>\n\n\n\n<p>Como ciudadanos bien informados podemos y debemos exigir participar en la configuraci\u00f3n del entorno ya que no solo somos los afectados, sino quienes seguimos financiando con nuestros impuestos caprichos; no obras de contenido social<\/p>\n\n\n\n<p>Tenemos que empujar una mayor participaci\u00f3n ciudadana que informada no se contente con d\u00e1divas repartidas con secrec\u00eda y discrecionalidad y con el discurso o narrativa de gobierno con sentido social. <\/p>\n\n\n\n<p>Se decide sin consulta, estrategias ni planes ni proyectos o actuando en respuesta a emergencias administrando y controlando da\u00f1os o solo un tipo de obra muy espec\u00edfica para quienes se beneficien con realizarla y sus plusval\u00edas.<\/p>\n\n\n\n<p>Se puede percibir e intuir que hay pocas esperanzas de mejora; pero, seguiremos luchando por la objetividad y no mantenernos en un estado de inacci\u00f3n, simulaci\u00f3n cuentos, enga\u00f1os y hasta corrupci\u00f3n. Sin caer en una visi\u00f3n pesimista ni dramatizar y menos violentar. Culiac\u00e1n lo merece. <\/p>\n\n\n\n<p>No podemos desesperarnos al sentir que somos una voz que clama en el desierto; las percepciones son cada vez m\u00e1s certeras y procesos pol\u00edticos son una oportunidad de hacer entender que no nos juegan el dedo en la boca ni nos vamos con la finta. Un pueblo informado, demandante y con participaci\u00f3n ciudadana har\u00e1 de la ciudad un espacio m\u00e1s sano, agradable y seguro para vivir.<\/p>\n\n\n\n<p>Culiac\u00e1n, Sinaloa a 15 de diciembre de 2023.<\/p>\n\n\n\n<p>Dr. Mart\u00edn Sandoval Boj\u00f3rquez.<\/p>\n\n\n\n<p>Cronista de Culiac\u00e1n.<\/p>\n","protected":false},"excerpt":{"rendered":"<p>Varias dependencias gubernamentales han sido un terreno demarcado por grupos que las controlan de manera patrimonialista y que defienden y mantienen un dominio de la operatividad.<\/p>\n","protected":false},"author":12,"featured_media":2148,"comment_status":"open","ping_status":"open","sticky":false,"template":"","format":"standard","meta":{"om_disable_all_campaigns":false,"_monsterinsights_skip_tracking":false,"_monsterinsights_sitenote_active":false,"_monsterinsights_sitenote_note":"","_monsterinsights_sitenote_category":0,"_uf_show_specific_survey":0,"_uf_disable_surveys":false,"site-sidebar-layout":"default","site-content-layout":"","ast-site-content-layout":"","site-content-style":"default","site-sidebar-style":"default","ast-global-header-display":"","ast-banner-title-visibility":"","ast-main-header-display":"","ast-hfb-above-header-display":"","ast-hfb-below-header-display":"","ast-hfb-mobile-header-display":"","site-post-title":"","ast-breadcrumbs-content":"","ast-featured-img":"","footer-sml-layout":"","theme-transparent-header-meta":"","adv-header-id-meta":"","stick-header-meta":"","header-above-stick-meta":"","header-main-stick-meta":"","header-below-stick-meta":"","astra-migrate-meta-layouts":"default","ast-page-background-enabled":"default","ast-page-background-meta":{"desktop":{"background-color":"var(--ast-global-color-4)","background-image":"","background-repeat":"repeat","background-position":"center center","background-size":"auto","background-attachment":"scroll","background-type":"","background-media":"","overlay-type":"","overlay-color":"","overlay-opacity":"","overlay-gradient":""},"tablet":{"background-color":"","background-image":"","background-repeat":"repeat","background-position":"center center","background-size":"auto","background-attachment":"scroll","background-type":"","background-media":"","overlay-type":"","overlay-color":"","overlay-opacity":"","overlay-gradient":""},"mobile":{"background-color":"","background-image":"","background-repeat":"repeat","background-position":"center center","background-size":"auto","background-attachment":"scroll","background-type":"","background-media":"","overlay-type":"","overlay-color":"","overlay-opacity":"","overlay-gradient":""}},"ast-content-background-meta":{"desktop":{"background-color":"var(--ast-global-color-5)","background-image":"","background-repeat":"repeat","background-position":"center center","background-size":"auto","background-attachment":"scroll","background-type":"","background-media":"","overlay-type":"","overlay-color":"","overlay-opacity":"","overlay-gradient":""},"tablet":{"background-color":"var(--ast-global-color-5)","background-image":"","background-repeat":"repeat","background-position":"center center","background-size":"auto","background-attachment":"scroll","background-type":"","background-media":"","overlay-type":"","overlay-color":"","overlay-opacity":"","overlay-gradient":""},"mobile":{"background-color":"var(--ast-global-color-5)","background-image":"","background-repeat":"repeat","background-position":"center center","background-size":"auto","background-attachment":"scroll","background-type":"","background-media":"","overlay-type":"","overlay-color":"","overlay-opacity":"","overlay-gradient":""}},"footnotes":""},"categories":[5],"tags":[],"class_list":["post-2147","post","type-post","status-publish","format-standard","has-post-thumbnail","hentry","category-cultura"],"aioseo_notices":[],"views":72,"_links":{"self":[{"href":"https:\/\/vidapublicarevista.com\/index.php\/wp-json\/wp\/v2\/posts\/2147","targetHints":{"allow":["GET"]}}],"collection":[{"href":"https:\/\/vidapublicarevista.com\/index.php\/wp-json\/wp\/v2\/posts"}],"about":[{"href":"https:\/\/vidapublicarevista.com\/index.php\/wp-json\/wp\/v2\/types\/post"}],"author":[{"embeddable":true,"href":"https:\/\/vidapublicarevista.com\/index.php\/wp-json\/wp\/v2\/users\/12"}],"replies":[{"embeddable":true,"href":"https:\/\/vidapublicarevista.com\/index.php\/wp-json\/wp\/v2\/comments?post=2147"}],"version-history":[{"count":4,"href":"https:\/\/vidapublicarevista.com\/index.php\/wp-json\/wp\/v2\/posts\/2147\/revisions"}],"predecessor-version":[{"id":2221,"href":"https:\/\/vidapublicarevista.com\/index.php\/wp-json\/wp\/v2\/posts\/2147\/revisions\/2221"}],"wp:featuredmedia":[{"embeddable":true,"href":"https:\/\/vidapublicarevista.com\/index.php\/wp-json\/wp\/v2\/media\/2148"}],"wp:attachment":[{"href":"https:\/\/vidapublicarevista.com\/index.php\/wp-json\/wp\/v2\/media?parent=2147"}],"wp:term":[{"taxonomy":"category","embeddable":true,"href":"https:\/\/vidapublicarevista.com\/index.php\/wp-json\/wp\/v2\/categories?post=2147"},{"taxonomy":"post_tag","embeddable":true,"href":"https:\/\/vidapublicarevista.com\/index.php\/wp-json\/wp\/v2\/tags?post=2147"}],"curies":[{"name":"wp","href":"https:\/\/api.w.org\/{rel}","templated":true}]}}