{"id":1562,"date":"2023-10-10T20:03:53","date_gmt":"2023-10-10T20:03:53","guid":{"rendered":"https:\/\/vidapublicarevista.com\/?p=1562"},"modified":"2023-10-10T20:03:54","modified_gmt":"2023-10-10T20:03:54","slug":"capsula-para-mascar-no-60","status":"publish","type":"post","link":"https:\/\/vidapublicarevista.com\/index.php\/2023\/10\/10\/capsula-para-mascar-no-60\/","title":{"rendered":"C\u00e1psula para mascar No. 60"},"content":{"rendered":"\n<p>\u00a0Culiac\u00e1n, Sinaloa a 10 de octubre de 2023.<\/p>\n\n\n\n<p>\u00bfLe interesa a nuestro Presidente\u00a0Andr\u00e9s Manuel L\u00f3pez Obrador el premio nobel de la paz? \u00a1Para nada!<\/p>\n\n\n\n<p>Porque respuesta tan contundente, porque de acuerdo a su forma de actuar en relaci\u00f3n a los conflictos de violencia en el mundo, \u00e9l rechaza por convicci\u00f3n, que todo debe resolverse\u00a0por medio de la concordia, la aplicaci\u00f3n de la buena pol\u00edtica, el di\u00e1logo que permita acuerdos de paz.<\/p>\n\n\n\n<p>As\u00ed ha sido con el desarrollo de la 4ta transformaci\u00f3n, se est\u00e1 llevando en paz convocando a todo los habitantes del pa\u00eds para que juntos, en un ambiente de paz logremos los cambios que se necesitan para eliminar la corrupci\u00f3n, se imponga la justicia, la legalidad y la austeridad.\u00a0<\/p>\n\n\n\n<p>En el \u00e1mbito internacional, cada que surge una guerra, casos como la invasi\u00f3n de Rusia a Ucrania y ahora las masacres provocadas por palestina contra Israel, cuando se le pregunta cu\u00e1l es la posici\u00f3n de M\u00e9xico al respecto, contesta de manera clara y contundente que deben recurrir al di\u00e1logo porque la violencia solo engendra violencia. <\/p>\n\n\n\n<p>Pero no se queda s\u00f3lo con esa demanda, sino que va m\u00e1s all\u00e1 e insta a los pa\u00edses en pugna y a la Organizaci\u00f3n de las Naciones Unidas, ONU, para que dejen la comodidad del confort de sus oficinas e intervengan porque esa es su obligaci\u00f3n.<\/p>\n\n\n\n<p>Y si alguien me pregunta si AMLO merece el premio nobel de la paz, respondo que s\u00ed lo merece y con creces, razones y m\u00e9ritos tiene por docenas. Podr\u00eda citar aqu\u00ed los motivos, pero eso me provoca\u00a0preguntar: \u00bfHace falta? \u00bfLo tomar\u00eda en cuenta la ONU? \u00bfLo considerar\u00eda la academia sueca?<\/p>\n","protected":false},"excerpt":{"rendered":"<p>\u00bfLe interesa a nuestro Presidente\u00a0Andr\u00e9s Manuel L\u00f3pez Obrador el premio nobel de la paz? \u00a1Para nada!<\/p>\n","protected":false},"author":5,"featured_media":1563,"comment_status":"open","ping_status":"open","sticky":false,"template":"","format":"standard","meta":{"om_disable_all_campaigns":false,"_monsterinsights_skip_tracking":false,"_monsterinsights_sitenote_active":false,"_monsterinsights_sitenote_note":"","_monsterinsights_sitenote_category":0,"_uf_show_specific_survey":0,"_uf_disable_surveys":false,"site-sidebar-layout":"default","site-content-layout":"","ast-site-content-layout":"","site-content-style":"default","site-sidebar-style":"default","ast-global-header-display":"","ast-banner-title-visibility":"","ast-main-header-display":"","ast-hfb-above-header-display":"","ast-hfb-below-header-display":"","ast-hfb-mobile-header-display":"","site-post-title":"","ast-breadcrumbs-content":"","ast-featured-img":"","footer-sml-layout":"","theme-transparent-header-meta":"","adv-header-id-meta":"","stick-header-meta":"","header-above-stick-meta":"","header-main-stick-meta":"","header-below-stick-meta":"","astra-migrate-meta-layouts":"default","ast-page-background-enabled":"default","ast-page-background-meta":{"desktop":{"background-color":"var(--ast-global-color-4)","background-image":"","background-repeat":"repeat","background-position":"center center","background-size":"auto","background-attachment":"scroll","background-type":"","background-media":"","overlay-type":"","overlay-color":"","overlay-opacity":"","overlay-gradient":""},"tablet":{"background-color":"","background-image":"","background-repeat":"repeat","background-position":"center center","background-size":"auto","background-attachment":"scroll","background-type":"","background-media":"","overlay-type":"","overlay-color":"","overlay-opacity":"","overlay-gradient":""},"mobile":{"background-color":"","background-image":"","background-repeat":"repeat","background-position":"center center","background-size":"auto","background-attachment":"scroll","background-type":"","background-media":"","overlay-type":"","overlay-color":"","overlay-opacity":"","overlay-gradient":""}},"ast-content-background-meta":{"desktop":{"background-color":"var(--ast-global-color-5)","background-image":"","background-repeat":"repeat","background-position":"center center","background-size":"auto","background-attachment":"scroll","background-type":"","background-media":"","overlay-type":"","overlay-color":"","overlay-opacity":"","overlay-gradient":""},"tablet":{"background-color":"var(--ast-global-color-5)","background-image":"","background-repeat":"repeat","background-position":"center center","background-size":"auto","background-attachment":"scroll","background-type":"","background-media":"","overlay-type":"","overlay-color":"","overlay-opacity":"","overlay-gradient":""},"mobile":{"background-color":"var(--ast-global-color-5)","background-image":"","background-repeat":"repeat","background-position":"center center","background-size":"auto","background-attachment":"scroll","background-type":"","background-media":"","overlay-type":"","overlay-color":"","overlay-opacity":"","overlay-gradient":""}},"footnotes":""},"categories":[2,7],"tags":[],"class_list":["post-1562","post","type-post","status-publish","format-standard","has-post-thumbnail","hentry","category-nacional","category-opinion"],"aioseo_notices":[],"views":43,"_links":{"self":[{"href":"https:\/\/vidapublicarevista.com\/index.php\/wp-json\/wp\/v2\/posts\/1562","targetHints":{"allow":["GET"]}}],"collection":[{"href":"https:\/\/vidapublicarevista.com\/index.php\/wp-json\/wp\/v2\/posts"}],"about":[{"href":"https:\/\/vidapublicarevista.com\/index.php\/wp-json\/wp\/v2\/types\/post"}],"author":[{"embeddable":true,"href":"https:\/\/vidapublicarevista.com\/index.php\/wp-json\/wp\/v2\/users\/5"}],"replies":[{"embeddable":true,"href":"https:\/\/vidapublicarevista.com\/index.php\/wp-json\/wp\/v2\/comments?post=1562"}],"version-history":[{"count":1,"href":"https:\/\/vidapublicarevista.com\/index.php\/wp-json\/wp\/v2\/posts\/1562\/revisions"}],"predecessor-version":[{"id":1564,"href":"https:\/\/vidapublicarevista.com\/index.php\/wp-json\/wp\/v2\/posts\/1562\/revisions\/1564"}],"wp:featuredmedia":[{"embeddable":true,"href":"https:\/\/vidapublicarevista.com\/index.php\/wp-json\/wp\/v2\/media\/1563"}],"wp:attachment":[{"href":"https:\/\/vidapublicarevista.com\/index.php\/wp-json\/wp\/v2\/media?parent=1562"}],"wp:term":[{"taxonomy":"category","embeddable":true,"href":"https:\/\/vidapublicarevista.com\/index.php\/wp-json\/wp\/v2\/categories?post=1562"},{"taxonomy":"post_tag","embeddable":true,"href":"https:\/\/vidapublicarevista.com\/index.php\/wp-json\/wp\/v2\/tags?post=1562"}],"curies":[{"name":"wp","href":"https:\/\/api.w.org\/{rel}","templated":true}]}}