{"id":1447,"date":"2023-09-21T05:14:58","date_gmt":"2023-09-21T05:14:58","guid":{"rendered":"https:\/\/vidapublicarevista.com\/?p=1447"},"modified":"2023-09-21T05:18:17","modified_gmt":"2023-09-21T05:18:17","slug":"agenda-politica-25","status":"publish","type":"post","link":"https:\/\/vidapublicarevista.com\/index.php\/2023\/09\/21\/agenda-politica-25\/","title":{"rendered":"Agenda Pol\u00edtica"},"content":{"rendered":"\n<p><strong>Eliminado de la Agenda el potencial regreso de Estrada a la presidencia de Culiac\u00e1n<\/strong><\/p>\n\n\n\n<p><strong>= De \u00faltima hora el TEPJF lo baj\u00f3 del orden del d\u00eda<br>= Podr\u00edan incluirlo en fecha posterior, sin embargo<br>= Normalidad en el Palacio Municipal de la capital<br>= La renuncia de Randy Ross a la COEPRIS<br>= Exhibida p\u00fablica a ex priistas y ex panistas<\/strong><\/p>\n\n\n\n<p>De \u00faltima hora, a minutos de iniciar la sesi\u00f3n plenaria correspondiente a este mi\u00e9rcoles 20 de septiembre, el Tribunal Electoral del Poder Judicial de la Federaci\u00f3n elimin\u00f3 de su orden del d\u00eda el punto alusivo a la restituci\u00f3n de Jes\u00fas Estrada Ferreiro como presidente municipal de Culiac\u00e1n, all\u00e1 en la capital del pa\u00eds.<\/p>\n\n\n\n<p>\u00bfQu\u00e9 sucedi\u00f3? Dif\u00edcil saberlo con precisi\u00f3n; pero era evidente que quienes expulsaron a Estrada Ferreiro de la alcald\u00eda culichi, no se quedar\u00edan cruzados de brazos ante la sola posibilidad de un regreso a su cargo como primer regidor del ayuntamiento local y en la misma direcci\u00f3n si hubo presencia de cabilderos por aquellos rumbos es perfectamente comprensible.<\/p>\n\n\n\n<p>El caso es que Estrada Ferreiro siempre no fue restituido por el momento y aun y cuando no existe ninguna informaci\u00f3n oficial en este sentido -ni la habr\u00e1 por la manera en que se manejan las cosas en ese tribunal \u2013 es f\u00e1cilmente detectable que se enredaron los hilos y que lo que parec\u00eda una firme posibilidad, se ha tornado en un asunto complicado al que no se le ve salida viable en el curso de los pr\u00f3ximos meses.<\/p>\n\n\n\n<p>Tan solo recordar que las causas por las que se desafor\u00f3 a Jes\u00fas Estrada son de origen judicial, sin ninguna relaci\u00f3n con los temas operados por el TriFe que son precisamente de car\u00e1cter electoral. <\/p>\n\n\n\n<p>Por ah\u00ed podr\u00eda venir todo, precisamente.<\/p>\n\n\n\n<p>Insistimos: dif\u00edcilmente conoceremos las razones por las que se baj\u00f3 el punto en la sesi\u00f3n de este mi\u00e9rcoles, de tal modo que solo queda el recurso de la especulaci\u00f3n y aqu\u00ed s\u00ed, la imaginaci\u00f3n de quienes le entienden a estas cosas no conoce l\u00edmite alguno. Pendientes. Mientras.<\/p>\n\n\n\n<p>Mis compa\u00f1eros de la mesa de an\u00e1lisis del noticiero Altavoz -Altagracia Gonz\u00e1lez, Francisco Chiquete y Juan Pablo Espinoza, el conductor \u2013 estuvieron en total desacuerdo con quien esto escribe en el sentido de que lo que acontecer\u00e1 el pr\u00f3ximo s\u00e1bado es toda una exhibida p\u00fablica a priistas y panistas (si es que lo son todav\u00eda) aspirantes a seguir viviendo del presupuesto oficial; pero ahora bajo las banderas del Movimiento de Regeneraci\u00f3n Nacional, ante la nula oportunidad de \u00e9xito en sus respectivos partidos.<\/p>\n\n\n\n<p>Quienes todav\u00eda no conocen lo que suceder\u00e1 el s\u00e1bado venidero, perm\u00edtanos contarle: ese d\u00eda, en el marco de su gira nacional como coordinadora de los comit\u00e9s de defensa de la Cuarta Transformaci\u00f3n, Claudia Sheinbaum estar\u00e1 en Culiac\u00e1n y su agenda contempla, justamente, un encuentro con militantes de otros institutos pol\u00edticos interesados en militar en MoReNa y ser candidatos a uno de los muchos puestos que se disputar\u00e1n en junio del a\u00f1o entrante.<\/p>\n\n\n\n<p>Para ello tendr\u00e1n que firmar un documento que representa, en autom\u00e1tico, la renuncia a su militancia y su ingreso a MoReNa, con derechos a participar como candidatos a diputados, alcaldes, regidores, diputados locales y hasta senadores, si mucho me apura. A la presidencia de la Rep\u00fablica no, porque esa posici\u00f3n ya tiene due\u00f1o. O due\u00f1a, mejor dicho.<\/p>\n\n\n\n<p>Y bueno pues la aceptaci\u00f3n expresa y obligatoria de las condiciones impl\u00edcitas no los convertir\u00e1, ciertamente, en candidatos de la noche a la ma\u00f1ana; pero si les dar\u00e1 oportunidad de participar en los procesos internos de selecci\u00f3n y en una de esas y hasta le atinan, ganan la elecci\u00f3n y refrendan su sano inter\u00e9s por servirle al pueblo bueno y sabio, ahora en la trinchera a la que tanto combat\u00edan todav\u00eda meses atr\u00e1s, porque su amor por el pueblo est\u00e1 por encima de todo.<\/p>\n\n\n\n<p>De hecho, casi todos los que jurar\u00e1n bandera en la aceptaci\u00f3n de su nueva nacionalidad, ya renunciaron a su militancia priista. <\/p>\n\n\n\n<p>Algunos de ellos de manera discreta; otros, hasta con m\u00fasica de viento; pero eso no le bast\u00f3 a la dirigencia de MoReNa. Es exigencia que lo hagan de manera p\u00fablica y sin rubores de ninguna naturaleza. <\/p>\n\n\n\n<p>Y tienen raz\u00f3n quienes mandan en este partido pol\u00edtico: que le sufran tantito ya que quieren llegar a ocupar puestos que deber\u00edan de corresponder a seguidores aut\u00e9nticos del presidente L\u00f3pez Obrador. No acomodaticios.<\/p>\n\n\n\n<p>A lo mejor y si est\u00e1n en lo cierto mis compa\u00f1eros de la mesa de an\u00e1lisis de Alta Voz en el sentido de que, m\u00e1s que una pena a causar, les van a hacer un verdadero favor a aquellos que todav\u00eda conservan un poco de fervor por los colores que ardorosamente defend\u00edan no hace mucho. <\/p>\n\n\n\n<p>Y un m\u00ednimo de pudor, adem\u00e1s por ah\u00ed veremos seguramente a Fernando Pucheta, Feliciano Valle, Gloria Imelda F\u00e9lix y a algunos m\u00e1s, sin descartar la posibilidad de grandes sorpresas. Tambi\u00e9n desfilar\u00e1n por ah\u00ed quienes ese d\u00eda se convertir\u00e1n en ex panistas, sin duda. Entonces, si esto no es una exhibida p\u00fablica \u00bfde que otro modo podr\u00edamos llamarle? Digo.<\/p>\n\n\n\n<p>En tanto.<\/p>\n\n\n\n<p>Con una reuni\u00f3n con la totalidad de los integrantes de su gabinete legal, el gobernador Rub\u00e9n Rocha Moya puso en marcha los preparativos para la organizaci\u00f3n de todo lo inherente a su segundo informe de labores, programado para el 15 de noviembre venidero, en el Palacio Legislativo de Sinaloa.<\/p>\n\n\n\n<p>De entrada, a cada secretario le fueron asignadas responsabilidades espec\u00edficas, todas relacionadas, obviamente, con su campo de acci\u00f3n y funciones claramente delineadas. <\/p>\n\n\n\n<p>Un segundo informe particularmente interesante porque representa la oportunidad de medir, con cifras actualizadas y proyecciones realistas, los avances del Plan Estatal de Desarrollo 2021-2027, esquema b\u00e1sico en el programa gubernamental de Rocha Moya.<\/p>\n\n\n\n<p>Enterados. <\/p>\n\n\n\n<p>Por otro lado.<\/p>\n\n\n\n<p>Sin desestimar su importancia, la Comisi\u00f3n Estatal para la Protecci\u00f3n de Riesgos Sanitarios no es as\u00ed, como se dice, un puesto de primer\u00edsimo nivel, ni mucho menos.<\/p>\n\n\n\n<p>Sin embargo, la renuncia al cargo, de quien era su titular, Randy Ross Alvarez, incendi\u00f3, en cosa de minutos, las redes sociales, tras su aclaraci\u00f3n en el sentido de que la dimisi\u00f3n obedeci\u00f3, precisamente, a una petici\u00f3n del gobernador Rub\u00e9n Rocha Moya.<\/p>\n\n\n\n<p>\u00bfTendr\u00e1 que ver la clausura de dos importantes negocios propiedad de H\u00e9ctor Melesio Cuen Ojeda, como el restaurant Casa Mar\u00eda, en Culiac\u00e1n y el lujoso Beis Box en el puerto de Mazatl\u00e1n? <\/p>\n\n\n\n<p>\u00bfAcaso se la jug\u00f3 Randy Ross por su cuenta y riesgo en el \u00e1nimo de quedar bien con el gobernador? Se va a saber.<\/p>\n\n\n\n<p>CORTOS.- <\/p>\n\n\n\n<p>Para rega\u00f1adas la que a trav\u00e9s de oficio le dio el secretario general de Gobierno, Enrique Inzunza C\u00e1zares, al director de Trabajo y Previsi\u00f3n Social del Gobierno del Estado, Ascensi\u00f3n Zepeda, acusado de provocar un escandalo medi\u00e1tico en el norte de Sinaloa, tras ser detenido por el temido alcohol\u00edmetro por ah\u00ed por la carretera Los Mochis-Topolobampo. <\/p>\n\n\n\n<p>\u201cNo habr\u00e1 una segunda vez\u201d, le advierte el secretario de gobierno. Ah\u00ed les hablan a quienes padecen el s\u00edndrome del ladrillo. En fin\u2026<\/p>\n\n\n\n<p>FANFARRIAS.- Juan de Dios G\u00e1mez Mend\u00edvil, presidente municipal de Culiac\u00e1n, anuncia descuentos especiales en pago de multas por demora en la cobertura del Impuesto Predial, as\u00ed como en sanciones municipales y de tr\u00e1nsito. <\/p>\n\n\n\n<p>Todo esto, en el marco de los festejos de aniversario de nuestra ciudad capital. Informados\u2026<\/p>\n\n\n\n<p>ORALE.- La diputada Cinthya Valenzuela, coordinadora de la fracci\u00f3n parlamentaria del PRI en la c\u00e1mara local, podr\u00e1 gozar de excelentes relaciones con la bancada de MoReNa; pero ya dej\u00f3 en claro que ella no har\u00e1 cola para firmar ning\u00fan papel ante Claudia Sheinbaum, la candidata morenista a la presidencia de nuestro pa\u00eds. <\/p>\n\n\n\n<p>Todav\u00eda le queda algo de amor por los colores patrios, a pesar de las amenazas de expulsi\u00f3n en su contra. \u00bfQu\u00e9 os parece?\u2026<\/p>\n\n\n\n<p>GULP.- Irrefrenable el alza de casos de Covid en Sinaloa. Un hecho que de un momento a otro se tomar\u00e1n medidas en consecuencia para la protecci\u00f3n de la salud de los sinaloenses. Se est\u00e1 tardando doctor Cuitl\u00e1huac Galindo. <\/p>\n\n\n\n<p>Digo\u2026<\/p>\n\n\n\n<p>COLOFON.- Hasta aqu\u00ed por hoy. Nos vamos ya. Cu\u00eddense mucho y Dios los bendiga. Ahora y siempre.<\/p>\n","protected":false},"excerpt":{"rendered":"<p>Tan solo recordar que las causas por las que se desafor\u00f3 a Jes\u00fas Estrada son de origen judicial.<\/p>\n","protected":false},"author":3,"featured_media":1448,"comment_status":"open","ping_status":"open","sticky":false,"template":"","format":"standard","meta":{"om_disable_all_campaigns":false,"_monsterinsights_skip_tracking":false,"_monsterinsights_sitenote_active":false,"_monsterinsights_sitenote_note":"","_monsterinsights_sitenote_category":0,"_uf_show_specific_survey":0,"_uf_disable_surveys":false,"site-sidebar-layout":"default","site-content-layout":"","ast-site-content-layout":"","site-content-style":"default","site-sidebar-style":"default","ast-global-header-display":"","ast-banner-title-visibility":"","ast-main-header-display":"","ast-hfb-above-header-display":"","ast-hfb-below-header-display":"","ast-hfb-mobile-header-display":"","site-post-title":"","ast-breadcrumbs-content":"","ast-featured-img":"","footer-sml-layout":"","theme-transparent-header-meta":"","adv-header-id-meta":"","stick-header-meta":"","header-above-stick-meta":"","header-main-stick-meta":"","header-below-stick-meta":"","astra-migrate-meta-layouts":"default","ast-page-background-enabled":"default","ast-page-background-meta":{"desktop":{"background-color":"var(--ast-global-color-4)","background-image":"","background-repeat":"repeat","background-position":"center center","background-size":"auto","background-attachment":"scroll","background-type":"","background-media":"","overlay-type":"","overlay-color":"","overlay-opacity":"","overlay-gradient":""},"tablet":{"background-color":"","background-image":"","background-repeat":"repeat","background-position":"center center","background-size":"auto","background-attachment":"scroll","background-type":"","background-media":"","overlay-type":"","overlay-color":"","overlay-opacity":"","overlay-gradient":""},"mobile":{"background-color":"","background-image":"","background-repeat":"repeat","background-position":"center center","background-size":"auto","background-attachment":"scroll","background-type":"","background-media":"","overlay-type":"","overlay-color":"","overlay-opacity":"","overlay-gradient":""}},"ast-content-background-meta":{"desktop":{"background-color":"var(--ast-global-color-5)","background-image":"","background-repeat":"repeat","background-position":"center center","background-size":"auto","background-attachment":"scroll","background-type":"","background-media":"","overlay-type":"","overlay-color":"","overlay-opacity":"","overlay-gradient":""},"tablet":{"background-color":"var(--ast-global-color-5)","background-image":"","background-repeat":"repeat","background-position":"center center","background-size":"auto","background-attachment":"scroll","background-type":"","background-media":"","overlay-type":"","overlay-color":"","overlay-opacity":"","overlay-gradient":""},"mobile":{"background-color":"var(--ast-global-color-5)","background-image":"","background-repeat":"repeat","background-position":"center center","background-size":"auto","background-attachment":"scroll","background-type":"","background-media":"","overlay-type":"","overlay-color":"","overlay-opacity":"","overlay-gradient":""}},"footnotes":""},"categories":[3,7],"tags":[],"class_list":["post-1447","post","type-post","status-publish","format-standard","has-post-thumbnail","hentry","category-local","category-opinion"],"aioseo_notices":[],"views":8,"_links":{"self":[{"href":"https:\/\/vidapublicarevista.com\/index.php\/wp-json\/wp\/v2\/posts\/1447","targetHints":{"allow":["GET"]}}],"collection":[{"href":"https:\/\/vidapublicarevista.com\/index.php\/wp-json\/wp\/v2\/posts"}],"about":[{"href":"https:\/\/vidapublicarevista.com\/index.php\/wp-json\/wp\/v2\/types\/post"}],"author":[{"embeddable":true,"href":"https:\/\/vidapublicarevista.com\/index.php\/wp-json\/wp\/v2\/users\/3"}],"replies":[{"embeddable":true,"href":"https:\/\/vidapublicarevista.com\/index.php\/wp-json\/wp\/v2\/comments?post=1447"}],"version-history":[{"count":3,"href":"https:\/\/vidapublicarevista.com\/index.php\/wp-json\/wp\/v2\/posts\/1447\/revisions"}],"predecessor-version":[{"id":1452,"href":"https:\/\/vidapublicarevista.com\/index.php\/wp-json\/wp\/v2\/posts\/1447\/revisions\/1452"}],"wp:featuredmedia":[{"embeddable":true,"href":"https:\/\/vidapublicarevista.com\/index.php\/wp-json\/wp\/v2\/media\/1448"}],"wp:attachment":[{"href":"https:\/\/vidapublicarevista.com\/index.php\/wp-json\/wp\/v2\/media?parent=1447"}],"wp:term":[{"taxonomy":"category","embeddable":true,"href":"https:\/\/vidapublicarevista.com\/index.php\/wp-json\/wp\/v2\/categories?post=1447"},{"taxonomy":"post_tag","embeddable":true,"href":"https:\/\/vidapublicarevista.com\/index.php\/wp-json\/wp\/v2\/tags?post=1447"}],"curies":[{"name":"wp","href":"https:\/\/api.w.org\/{rel}","templated":true}]}}