{"id":1407,"date":"2023-09-12T19:37:36","date_gmt":"2023-09-12T19:37:36","guid":{"rendered":"https:\/\/vidapublicarevista.com\/?p=1407"},"modified":"2023-09-12T19:37:36","modified_gmt":"2023-09-12T19:37:36","slug":"consideraciones-politicas-de-un-hombre-comun-pero-no-corriente","status":"publish","type":"post","link":"https:\/\/vidapublicarevista.com\/index.php\/2023\/09\/12\/consideraciones-politicas-de-un-hombre-comun-pero-no-corriente\/","title":{"rendered":"Consideraciones pol\u00edticas de un hombre com\u00fan, pero no corriente."},"content":{"rendered":"\n<p>Parte 3<\/p>\n\n\n\n<p>En mi art\u00edculo anterior me atrev\u00ed a afirmar que cualquier r\u00e9gimen de gobierno, por muy leg\u00edtima y democr\u00e1ticamente que haya sido elegido, si cuenta con la mayor\u00eda absoluta en el Congreso y el apoyo irrestricto del Poder Judicial, de facto se convierte en un r\u00e9gimen dictatorial.<\/p>\n\n\n\n<p>Asimismo, asent\u00e9 que AMLO nos est\u00e1 dejando un pa\u00eds, el cual, de seguir el mismo ritmo de transformaci\u00f3n del actual sexenio, lleva visos muy probables de convertirse en una potencia mundial tanto econ\u00f3mica, como social y cultural, con libertad de expresi\u00f3n y manifestaci\u00f3n absoluta.<\/p>\n\n\n\n<p>Pero he aqu\u00ed la paradoja, para que eso suceda, es necesario que nuestro voto y nuestra actitud le den a su virtual sucesora, la Dra. Sheinbaum, el poder completo en el Congreso de la Uni\u00f3n, es decir, en las dos c\u00e1maras, en principio, para de ah\u00ed poder reformar el Poder Judicial.<\/p>\n\n\n\n<p>O sea, darle un poder pr\u00e1cticamente dictatorial.<\/p>\n\n\n\n<p>\u00bfPero, que suceder\u00eda si su sucesora, totalmente contrario a lo que AMLO ha sido, se convierte en una verdadera dictadora, y procede a reprimir violentamente, cualquier expresi\u00f3n de protesta; aunque solo sea por las presiones de la poderosa fuerza conservadora, o por el sabotaje de los m\u00faltiples vende patrias que todav\u00eda pululan en todos los niveles de gobierno, y vuelve a las usanzas del viejo PRI, que solo favoreci\u00f3 al sector olig\u00e1rquico,\u00a0moche de por medio, y la fuente de oportunidades para las clases m\u00e1s vulnerables, fueron solamente estratagemas para mantener dormido\u00a0\u00a0al grueso de la poblaci\u00f3n?<\/p>\n\n\n\n<p>\u00bfExagero? Puede que s\u00ed; pero como en el ajedrez, hay que imaginar las m\u00e1s atrevidas y perjudiciales movidas de nuestro contrincante y adelantarnos a ellas, si queremos vencerlo.<\/p>\n\n\n\n<p>Afortunadamente, AMLO nos ha dejado reformas constitucionales que har\u00e1n muy dif\u00edcil que lo que expongo l\u00edneas arriba llegue a suceder.&nbsp;<\/p>\n\n\n\n<p>Pero si por negligencia o apat\u00eda pol\u00edtica los ciudadanos no intervenimos en\u00e9rgicamente al primer indicio de regresi\u00f3n libertaria, puede que s\u00ed ocurra.<\/p>\n\n\n\n<p>Est\u00e1 visto, que, para los conservadores, con raz\u00f3n o sin ella, hablarles de los logros materiales de la actual administraci\u00f3n federal es in\u00fatil, son como los peores ciegos: los que no quieren ver.<\/p>\n\n\n\n<p>Quiz\u00e1 entonces, sobre todo a los j\u00f3venes, hablar de los tiempos de represi\u00f3n brutal que existi\u00f3, pr\u00e1cticamente desde el final del sexenio de L\u00e1zaro C\u00e1rdenas, hasta el advenimiento de la \u00e9poca Lopezobradorista, logre convencer a una gran mayor\u00eda, de que debemos cuidar la herencia de AMLO, y vigilar, presionar para que su sucesora, no solo mantenga inc\u00f3lume lo alcanzado, sino que agrande y profundice los alcances de la Cuarta Transformaci\u00f3n.&nbsp;<\/p>\n\n\n\n<p>Para no hacer muy extensa la relaci\u00f3n de hechos represivos brutales, proceder\u00e9 a presentar, los m\u00e1s cruentos, de manera esquem\u00e1tica:<\/p>\n\n\n\n<p><strong>Elecciones\u00a0federales, julio de 1940:<\/strong>\u00a0Robo de urnas, balaceras y muertos, para imponer en la presidencia al Gral. Manuel \u00c1vila Camacho; aunque oficialmente nunca se han reconocido estos hechos.<\/p>\n\n\n\n<p><strong>2 de enero de 1946:<\/strong>\u00a0Aproximadamente a la nueve de la noche, polic\u00edas y soldados apostados en las azoteas de los edificios que rodean la principal plaza de Le\u00f3n, Gto; despu\u00e9s de un apag\u00f3n, seguido de la ensordecedora explosi\u00f3n de una granada, comenzaron a disparar indiscriminadamente sobre la multitud, cerca de mil, que se hab\u00eda reunido para protestar por la imposici\u00f3n de un presidente municipal. <\/p>\n\n\n\n<p>Cifras oficiales: cuarenta muertos y m\u00e1s de cuatrocientos lesionados, aunque, como se hizo costumbre, testigos presenciales hablaron de muchas m\u00e1s v\u00edctimas entre muertos y heridos.<\/p>\n\n\n\n<p><strong>Abril-septiembre de 1958:&nbsp;<\/strong>Represi\u00f3n a las manifestaciones del magisterio democr\u00e1tico, con m\u00faltiples lesionados. Muchos requirieron de hospitalizaci\u00f3n.&nbsp;Es detenido y encarcelado el Mtro. Oth\u00f3n Salazar acusado de disoluci\u00f3n social. Presidente Constitucional: Adolfo L\u00f3pez Mateos.<\/p>\n\n\n\n<p><strong>25 de marzo de 1959:<\/strong>\u00a0Represi\u00f3n cruenta a los trabajadores ferrocarrileros.\u00a0<\/p>\n\n\n\n<p>L\u00f3pez Mateos dispone la intervenci\u00f3n del ej\u00e9rcito para terminar con la rebeli\u00f3n obrera (\u00bf?).\u00a0Los l\u00edderes obreros Demetrio Vallejo y Valent\u00edn Campa, pasaron once a\u00f1os en el siniestro penal de Lecumberri.<\/p>\n\n\n\n<p><strong>23 de mayo de 1962:<\/strong>\u00a0Despu\u00e9s de recibir amnist\u00eda de L\u00f3pez Mateos, en entrevista personal en Palacio Nacional, asesinaron al l\u00edder campesino Rub\u00e9n Jaramillo, a su esposa que estaba embarazada y a sus tres hijos, que dorm\u00edan en su casa en Tlaquiltenango, Morelos. <\/p>\n\n\n\n<p>\u201cLos cinco cad\u00e1veres ten\u00edan el tiro de gracia\u201d Este homicidio m\u00faltiple nunca fue aclarado, pero fue rumor general que lo cometieron elementos del ej\u00e9rcito.<\/p>\n\n\n\n<p><strong>1964-1965: Movimiento M\u00e9dico del IMSS, ISSSTE y SSA:&nbsp;<\/strong>Durante las manifestaciones p\u00fablicas multitudinarias, de los m\u00e9dicos de las instituciones anotadas, infinidad de m\u00e9dicos, mujeres y hombres, fueron apaleados por el tristemente c\u00e9lebre Cuerpo de Granaderos del otrora Distrito Federal. Presidente Constitucional: Gustavo D\u00edaz Ordaz.&nbsp;<\/p>\n\n\n\n<p><strong>Agosto de 1967:<\/strong>&nbsp;Matanza de campesinos Copreros en Acapulco, Gro. Oficialmente el n\u00famero de muertos fue de 35 personas y 150 fueron heridos. Como se sabe actualmente, en esta matanza particip\u00f3 el Ej\u00e9rcito Mexicano.<\/p>\n\n\n\n<p><strong>2 de octubre de 1968:<\/strong>&nbsp;Matanza de estudiantes en Tlatelolco. No hay datos precisos de muertos. En la masacre particip\u00f3 el Batall\u00f3n Olimpia y el Ej\u00e9rcito Mexicano.<\/p>\n\n\n\n<p><strong>10 de junio de 1971:<\/strong>&nbsp;Represi\u00f3n a j\u00f3venes estudiantes. Esta fecha es popularmente conocida como el \u201cHalconazo\u201d o masacre del &#8220;Jueves de Corpus&#8221;; al igual que la del 68, fue considerada por la Fiscal\u00eda Especial para Movimientos Sociales y Pol\u00edticos del Pasado (FEMOSPP) como, genocidio.<\/p>\n\n\n\n<p><strong>Guerra Sucia:<\/strong>&nbsp;De los a\u00f1os sesenta a mediados de los a\u00f1os ochenta del siglo pasado, la&nbsp;<strong>FEMOSPP<\/strong>&nbsp;dictamin\u00f3 que en ese tiempo hubo evidencia de \u201ctortura y desaparici\u00f3n de personas por parte de agentes del Estado que configuran delitos de lesa humanidad\u201d.&nbsp;<\/p>\n\n\n\n<p>Este periodo se caracteriz\u00f3 por una\u00a0<strong>respuesta represiva<\/strong>\u00a0del\u00a0<strong>Estado mexicano<\/strong>\u00a0frente a las demandas pol\u00edticas y sociales de distintos grupos y por la comisi\u00f3n de graves violaciones a los derechos humanos como\u00a0<strong>ejecuciones extra judiciales\u00a0<\/strong>\u00a0y\u00a0\u00a0<strong>desapariciones forzadas<\/strong>\u00a0en contra de \u00e9stos. <\/p>\n\n\n\n<p>Para la\u00a0Asociaci\u00f3n de Familiares de Detenidos, Desaparecidos y V\u00edctimas de Violaciones a los Derechos Humanos en M\u00e9xico (AFADEM), el n\u00famero de personas desaparecidas durante la Guerra Sucia es de 1200; principalmente en el estado de Guerrero.\u00a0<\/p>\n\n\n\n<p>Quien se interese por saber m\u00e1s de los inhumanos acontecimientos de esta&nbsp;<strong>guerra,&nbsp;<\/strong>le recomiendo lea el libro&nbsp;<em>Guerra en el para\u00edso,<\/em>&nbsp;del extinto escritor Carlos Montemayor.&nbsp;<\/p>\n\n\n\n<p><strong>Gobierno de Salinas de Gortari<\/strong>&nbsp;(1988 y 1994). &nbsp;Durante este gobierno fueron asesinados 300 militantes del PRD (Fundaci\u00f3n Ovando y Gil).<\/p>\n\n\n\n<p><strong>28 de junio de 1995.<\/strong>&nbsp;Matanza de Aguas Blancas, Guerrero. Represi\u00f3n contra campesinos de la Organizaci\u00f3n Campesina de la Sierra del Sur (OCSS). Fueron asesinados 17 campesinos y 14 fueron heridos. Actualmente la organizaci\u00f3n reclama la liberaci\u00f3n de sus presos pol\u00edticos encarcelados desde junio de 1995.<\/p>\n\n\n\n<p><strong>Gobierno de Ernesto Zedillo:<\/strong><\/p>\n\n\n\n<p><strong>22 de diciembre de 1997:<\/strong>&nbsp;Matanza de Acteal. Incursi\u00f3n paramilitar en la localidad de Acteal, Chenalh\u00f3, Chiapas. En dicha incursi\u00f3n fueron asesinados 45 hombres, mujeres y ni\u00f1os, pertenecientes a la organizaci\u00f3n \u2018Las Abejas\u2019 que rezaban en una humilde iglesia.<\/p>\n\n\n\n<p>(1994 a 1999). Durante su gobierno fueron asesinados 349 perredistas. (Fundaci\u00f3n Ovando y Gil). <\/p>\n\n\n\n<p>Los asesinatos de militantes del PRD en los sexenios de Salinas como en el de Zedillo, est\u00e1n hoy en el olvido, tanto por la c\u00fapula perredista como por el movimiento social.<\/p>\n\n\n\n<p><strong>Mayo de 2006:<\/strong>\u00a0Represi\u00f3n a los campesinos de Atenco. <\/p>\n\n\n\n<p>Por \u00f3rdenes del ex gobernador del estado de M\u00e9xico, Enrique Pe\u00f1a Nieto, se reprimi\u00f3 a campesinos de las comunidades de Texcoco y San Salvador que se opon\u00edan a la construcci\u00f3n de un nuevo aeropuerto.<\/p>\n\n\n\n<p><strong>25 de noviembre de 2006:<\/strong>&nbsp;Represi\u00f3n a los miembros de la Asamblea Popular de los Pueblos de&nbsp;Oaxaca (APPO) por parte de fuerzas represivas federales apoyadas por la polic\u00eda estatal y de tr\u00e1nsito del estado.&nbsp;<\/p>\n\n\n\n<p><strong>PRESIDENCIA DE Enrique Pe\u00f1a Nieto<\/strong><\/p>\n\n\n\n<p>&nbsp;<strong>26 de septiembre de 2014:&nbsp;<\/strong>Desaparici\u00f3n de los 43 normalistas de la Escuela Normal Rural de&nbsp;Ayotzinapa, Gro. Fue, a decir de Alejandro Encinas, \u201cun crimen de Estado\u201d y \u201cun encubrimiento al m\u00e1s alto nivel\u201d.<\/p>\n\n\n\n<p><strong>19 de junio de 2016<\/strong>: Represi\u00f3n a los habitantes de la comunidad de Asunci\u00f3n\u00a0Nochixtl\u00e1n, Oax. <\/p>\n\n\n\n<p>El pueblo de Nochixtl\u00e1n fue atacado por centenares de elementos de las polic\u00edas municipal, estatal y federal.<\/p>\n\n\n\n<p>Estas y otras masacres que han pasado desapercibidas, por no dar la noticia los medios chayoteros, siguiendo \u00f3rdenes de sus patrones olig\u00e1rquicos, nunca han ocurrido en el actual r\u00e9gimen, por la sencilla raz\u00f3n de que, tal como declar\u00f3,\u00a0ya retirado, el coronel Cano Mart\u00ednez, responsable de la masacre en Le\u00f3n, Gto; <\/p>\n\n\n\n<p>\u201cEn el ej\u00e9rcito las \u00f3rdenes se cumplen, no se discuten, so pena de enfrentarse a una Corte Militar. Solo as\u00ed se puede preservar la disciplina entre gente armada\u201d.\u00a0<\/p>\n\n\n\n<p>Cierto, pero el actual Comandante de las Fuerzas Armadas, AMLO, jam\u00e1s dar\u00e1 una orden para que se cumplan actos tan inhumanos como los aqu\u00ed anotados.<\/p>\n\n\n\n<p>Entonces, despu\u00e9s de leer lo anterior \u00bfSeguir\u00e1s creyendo que los reg\u00edmenes anteriores al actual fueron mejores?&nbsp;<\/p>\n\n\n\n<p>\u00bfVotar\u00e1s en 2024 por el cuadro completo de MORENA, y estar\u00e1s pendiente de que la Cuarta Transformaci\u00f3n no d\u00e9 un giro de 180\u00b0?&nbsp;&nbsp;<\/p>\n\n\n\n<p><em><strong>\u00a1Contra&nbsp;la&nbsp;injusticia&nbsp;y la&nbsp;impunidad!&nbsp;Ni perd\u00f3n ni olvido: Bertolt Brecht.<\/strong><\/em><\/p>\n\n\n\n<p>Si est\u00e1s de acuerdo, comparte.<\/p>\n","protected":false},"excerpt":{"rendered":"<p>\u00bfPero, qu\u00e9 suceder\u00eda si su sucesora, totalmente contrario a lo que AMLO ha sido, se convierte en una verdadera dictadora?<\/p>\n","protected":false},"author":11,"featured_media":1408,"comment_status":"open","ping_status":"open","sticky":false,"template":"","format":"standard","meta":{"om_disable_all_campaigns":false,"_monsterinsights_skip_tracking":false,"_monsterinsights_sitenote_active":false,"_monsterinsights_sitenote_note":"","_monsterinsights_sitenote_category":0,"_uf_show_specific_survey":0,"_uf_disable_surveys":false,"site-sidebar-layout":"default","site-content-layout":"","ast-site-content-layout":"","site-content-style":"default","site-sidebar-style":"default","ast-global-header-display":"","ast-banner-title-visibility":"","ast-main-header-display":"","ast-hfb-above-header-display":"","ast-hfb-below-header-display":"","ast-hfb-mobile-header-display":"","site-post-title":"","ast-breadcrumbs-content":"","ast-featured-img":"","footer-sml-layout":"","theme-transparent-header-meta":"","adv-header-id-meta":"","stick-header-meta":"","header-above-stick-meta":"","header-main-stick-meta":"","header-below-stick-meta":"","astra-migrate-meta-layouts":"default","ast-page-background-enabled":"default","ast-page-background-meta":{"desktop":{"background-color":"var(--ast-global-color-4)","background-image":"","background-repeat":"repeat","background-position":"center center","background-size":"auto","background-attachment":"scroll","background-type":"","background-media":"","overlay-type":"","overlay-color":"","overlay-opacity":"","overlay-gradient":""},"tablet":{"background-color":"","background-image":"","background-repeat":"repeat","background-position":"center center","background-size":"auto","background-attachment":"scroll","background-type":"","background-media":"","overlay-type":"","overlay-color":"","overlay-opacity":"","overlay-gradient":""},"mobile":{"background-color":"","background-image":"","background-repeat":"repeat","background-position":"center center","background-size":"auto","background-attachment":"scroll","background-type":"","background-media":"","overlay-type":"","overlay-color":"","overlay-opacity":"","overlay-gradient":""}},"ast-content-background-meta":{"desktop":{"background-color":"var(--ast-global-color-5)","background-image":"","background-repeat":"repeat","background-position":"center center","background-size":"auto","background-attachment":"scroll","background-type":"","background-media":"","overlay-type":"","overlay-color":"","overlay-opacity":"","overlay-gradient":""},"tablet":{"background-color":"var(--ast-global-color-5)","background-image":"","background-repeat":"repeat","background-position":"center center","background-size":"auto","background-attachment":"scroll","background-type":"","background-media":"","overlay-type":"","overlay-color":"","overlay-opacity":"","overlay-gradient":""},"mobile":{"background-color":"var(--ast-global-color-5)","background-image":"","background-repeat":"repeat","background-position":"center center","background-size":"auto","background-attachment":"scroll","background-type":"","background-media":"","overlay-type":"","overlay-color":"","overlay-opacity":"","overlay-gradient":""}},"footnotes":""},"categories":[2,7],"tags":[],"class_list":["post-1407","post","type-post","status-publish","format-standard","has-post-thumbnail","hentry","category-nacional","category-opinion"],"aioseo_notices":[],"views":28,"_links":{"self":[{"href":"https:\/\/vidapublicarevista.com\/index.php\/wp-json\/wp\/v2\/posts\/1407","targetHints":{"allow":["GET"]}}],"collection":[{"href":"https:\/\/vidapublicarevista.com\/index.php\/wp-json\/wp\/v2\/posts"}],"about":[{"href":"https:\/\/vidapublicarevista.com\/index.php\/wp-json\/wp\/v2\/types\/post"}],"author":[{"embeddable":true,"href":"https:\/\/vidapublicarevista.com\/index.php\/wp-json\/wp\/v2\/users\/11"}],"replies":[{"embeddable":true,"href":"https:\/\/vidapublicarevista.com\/index.php\/wp-json\/wp\/v2\/comments?post=1407"}],"version-history":[{"count":1,"href":"https:\/\/vidapublicarevista.com\/index.php\/wp-json\/wp\/v2\/posts\/1407\/revisions"}],"predecessor-version":[{"id":1409,"href":"https:\/\/vidapublicarevista.com\/index.php\/wp-json\/wp\/v2\/posts\/1407\/revisions\/1409"}],"wp:featuredmedia":[{"embeddable":true,"href":"https:\/\/vidapublicarevista.com\/index.php\/wp-json\/wp\/v2\/media\/1408"}],"wp:attachment":[{"href":"https:\/\/vidapublicarevista.com\/index.php\/wp-json\/wp\/v2\/media?parent=1407"}],"wp:term":[{"taxonomy":"category","embeddable":true,"href":"https:\/\/vidapublicarevista.com\/index.php\/wp-json\/wp\/v2\/categories?post=1407"},{"taxonomy":"post_tag","embeddable":true,"href":"https:\/\/vidapublicarevista.com\/index.php\/wp-json\/wp\/v2\/tags?post=1407"}],"curies":[{"name":"wp","href":"https:\/\/api.w.org\/{rel}","templated":true}]}}