{"id":1316,"date":"2023-08-29T22:39:39","date_gmt":"2023-08-29T22:39:39","guid":{"rendered":"https:\/\/vidapublicarevista.com\/?p=1316"},"modified":"2023-08-29T23:40:00","modified_gmt":"2023-08-29T23:40:00","slug":"liberalismo-extremo","status":"publish","type":"post","link":"https:\/\/vidapublicarevista.com\/index.php\/2023\/08\/29\/liberalismo-extremo\/","title":{"rendered":"Liberalismo extremo"},"content":{"rendered":"\n<p>La principal caracter\u00edstica de Javier Milei es su apego a la econom\u00eda neocl\u00e1sica. Err\u00f3neamente, para el autor, se remarca demasiado en algunos medios como un candidato de extrema derecha. Se le presenta como: &#8220;Javier Milei, el candidato de extrema derecha..&#8221;. <\/p>\n\n\n\n<p>Milei s\u00ed es un candidato que se encuentra a la derecha del espectro pol\u00edtico, por su desprecio al aborto y a los derechos humanos en general, sin embargo, como se mencion\u00f3 anteriormente, no es su principal caracter\u00edstica. <\/p>\n\n\n\n<p>La principal faceta de Milei es la econ\u00f3mica y su encomienda de convertir a la Argentina en una sucursal m\u00e1s de los Chicago Boys. Se podr\u00eda decir que Milei es: liberal en lo econ\u00f3mico, conservador en lo social. <\/p>\n\n\n\n<p>Lo de Milei se trata de minimizar el estado lo m\u00e1ximo posible, bajar los impuestos, desaparecer a los ministerios del estado, dolarizar la econom\u00eda argentina y dinamitar el Banco Central.<\/p>\n\n\n\n<p>Milei milita en las ense\u00f1anzas de la Escuela Austriaca de Econom\u00eda y ha mostrado p\u00fablicamente su desprecio a su Nemesis: John Maynard Keynes, personaje que buscaba mayor intervenci\u00f3n estatal en diversas industrias. Milei, adem\u00e1s, tiene como referente ideol\u00f3gico a Ludwig Von Mises, quien en su libro, la Acci\u00f3n Humana, declar\u00f3 lo siguiente: <\/p>\n\n\n\n<blockquote class=\"wp-block-quote is-layout-flow wp-block-quote-is-layout-flow\">\n<p>Los seres de ascendencia humana que, de nacimiento o por defecto adquirido, carecen de capacidad para actuar (en el sentido amplio del vocablo, no s\u00f3lo en el legal), a efectos pr\u00e1cticos, no son seres humanos.<\/p>\n<\/blockquote>\n\n\n\n<p>La l\u00f3gica de Von Mises va de la mano de la l\u00f3gica del capital y es que bajo esta apreciaci\u00f3n uno es en cuanto hace y si uno no puede hacer, pues uno no es. <\/p>\n\n\n\n<p>Un ser humano que act\u00faa de manera racional en el mercado y que adem\u00e1s produce.. y si no tienes uso de raz\u00f3n o de funcionalidad, pues no eres un ser humano, bajo estos t\u00e9rminos. A final de cuentas es una definici\u00f3n capacista-eugenesica, misma mat\u00f3 a much\u00edsimos seres humanos a mitad del siglo pasado.<\/p>\n\n\n\n<p>Javier Milei no es un personaje nuevo en el terreno pol\u00edtico argentino ya que lleva varios a\u00f1os apareciendo con discursos pol\u00e9micos en la televisi\u00f3n de aquel pa\u00eds del sur del continente. <\/p>\n\n\n\n<p>Milei ha aparecido en innumerables debates contra figuras progresistas ll\u00e1mese feministas, ambientalistas, estatistas, ecologistas, etc. Siempre haciendo uso de ademanes y looks estrafalarios como el que suele llevar (no se sabe si es peluca o es real).<\/p>\n\n\n\n<p>Milei ha recibido el apoyo de la Fundaci\u00f3n Atlas, una fundaci\u00f3n que fondea a distintos exponentes del liberalismo cl\u00e1sico a nivel global. Los receptores son portadores de una agenda econ\u00f3mica particular. <\/p>\n\n\n\n<p>Inicialmente esta fundaci\u00f3n fue utilizada para combatir el marxismo y apoyar a dictadores como Benito Mussolini. Terminada la 2da Guerra Mundial, la fundaci\u00f3n Atlas dedic\u00f3 todos sus esfuerzos a combatir el comunismo sovietico, hoy d\u00eda tiene sede en 98 pa\u00edses. A nivel LATAM, la fundaci\u00f3n apoy\u00f3 a Mauricio Macri en Argentina y al Movimiento Brasil Libre vs Dilma Rousseff.<\/p>\n\n\n\n<p>En un civilizado debate con el pol\u00edtico argentino de corte peronista Juan Grabois, Milei debati\u00f3 sus ideas sobre el estado, el capitalismo, la desigualdad, la pobreza, los monopolios, el crecimiento, etc:<\/p>\n\n\n\n<blockquote class=\"wp-block-quote is-layout-flow wp-block-quote-is-layout-flow\">\n<p>Milei tiene una ventaja radical muy profunda en cualquier debate.. y es que \u00e9l abraza un dogma, una cosmovisi\u00f3n &#8211; Juan Grabois<\/p>\n<\/blockquote>\n\n\n\n<blockquote class=\"wp-block-quote is-layout-flow wp-block-quote-is-layout-flow\">\n<p>&#8220;El mundo va a ser much\u00edsimo mejor si vos abraz\u00e1s a las instituciones del capitalismo de libre empresa&#8221; &#8211; Javier Milei<\/p>\n<\/blockquote>\n\n\n\n<blockquote class=\"wp-block-quote is-layout-flow wp-block-quote-is-layout-flow\">\n<p>El capitalismo ya cumpli\u00f3 una de sus promesas que es el desarrollo de la productividad, ya vivimos en una abundancia radical, hay m\u00e1s bienes y servicios de lo que nunca jamas hubo, pero los procesos hist\u00f3ricos tienen sus limitaciones tambi\u00e9n, hay un limite ambiental &#8211; Juan Grabois<\/p>\n<\/blockquote>\n\n\n\n<p>En un extracto del video se le ve a Milei rebatir la idea del modelo n\u00f3rdico al se\u00f1alar que tienen mercados laborales muy flexibles y aseverar que los n\u00f3rdicos est\u00e1n primeros en el ranking de &#8220;respeto a la propiedad privada&#8221;. <\/p>\n\n\n\n<p>El caso de Suecia, se\u00f1ala, es uno en el que abrazaron el mercado y el capitalismo, &#8220;se hizo un pa\u00eds rico y despu\u00e9s gener\u00f3 la presi\u00f3n fiscal a niveles del 75 % que hizo quebrar el estado sueco&#8221;. <\/p>\n\n\n\n<p>&#8220;De ah\u00ed en adelante hicieron un conjunto de reformas pro-mercado y achicaron dr\u00e1sticamente el gasto p\u00fablico y la presencia del estado&#8221;. &#8220;El caso de los n\u00f3rdicos es un caso que prueba todo lo contrario&#8221;.<\/p>\n\n\n\n<blockquote class=\"wp-block-quote is-layout-flow wp-block-quote-is-layout-flow\">\n<p>Una vez ca\u00eddo el Muro de Berl\u00edn.. que en realidad no es que se cay\u00f3 en 1989, eso fue la representaci\u00f3n visual, en realidad se cay\u00f3 en 1961 cuando ordenaron construirlo, porque la gente se iba de la Alemania Comunista a la Alemania Capitalista. &#8211; Milei<\/p>\n<\/blockquote>\n\n\n\n<blockquote class=\"wp-block-quote is-layout-flow wp-block-quote-is-layout-flow\">\n<p>El capitalismo de libre empresa es el \u00fanico sistema que es justo &#8211; Milei<\/p>\n<\/blockquote>\n\n\n\n<p>Milei declara en dicho programa que la teor\u00eda del valor-trabajo est\u00e1 obsoleta y fue ampliamente superada no solo en la teor\u00eda econ\u00f3mica con Karl Menger y la aparici\u00f3n de la Escuela Austriaca, porque &#8220;el valor de las cosas tienen que ver con la preferencia y la escasez&#8221;, porque en el fondo quien determina quien es el due\u00f1o del capital es el consumidor, asegura Javier Milei. <\/p>\n\n\n\n<p>&#8220;El mismo bien en distintas condiciones opera de manera distinta&#8221;, &#8220;es el problema de Piketty&#8221; le espeta al economista franc\u00e9s, porque &#8220;desvirtu\u00f3 y manose\u00f3 el concepto de capital junto con las estad\u00edsticas&#8221;.<\/p>\n\n\n\n<blockquote class=\"wp-block-quote is-layout-flow wp-block-quote-is-layout-flow\">\n<p>Cuanto vos m\u00e1s ganes, sos un benefactor social &#8211; JM<\/p>\n\n\n\n<p>La desigualdad es un motor del crecimiento &#8211; JM<\/p>\n<\/blockquote>\n\n\n\n<p><\/p>\n","protected":false},"excerpt":{"rendered":"<p>Milei milita en las ense\u00f1anzas de la Escuela Austriaca de Econom\u00eda y ha mostrado p\u00fablicamente su desprecio a su Nemesis: John Maynard Keynes.<\/p>\n","protected":false},"author":9,"featured_media":1317,"comment_status":"open","ping_status":"open","sticky":false,"template":"","format":"standard","meta":{"om_disable_all_campaigns":false,"_monsterinsights_skip_tracking":false,"_monsterinsights_sitenote_active":false,"_monsterinsights_sitenote_note":"","_monsterinsights_sitenote_category":0,"_uf_show_specific_survey":0,"_uf_disable_surveys":false,"site-sidebar-layout":"default","site-content-layout":"","ast-site-content-layout":"","site-content-style":"default","site-sidebar-style":"default","ast-global-header-display":"","ast-banner-title-visibility":"","ast-main-header-display":"","ast-hfb-above-header-display":"","ast-hfb-below-header-display":"","ast-hfb-mobile-header-display":"","site-post-title":"","ast-breadcrumbs-content":"","ast-featured-img":"","footer-sml-layout":"","theme-transparent-header-meta":"","adv-header-id-meta":"","stick-header-meta":"","header-above-stick-meta":"","header-main-stick-meta":"","header-below-stick-meta":"","astra-migrate-meta-layouts":"default","ast-page-background-enabled":"default","ast-page-background-meta":{"desktop":{"background-color":"var(--ast-global-color-4)","background-image":"","background-repeat":"repeat","background-position":"center center","background-size":"auto","background-attachment":"scroll","background-type":"","background-media":"","overlay-type":"","overlay-color":"","overlay-opacity":"","overlay-gradient":""},"tablet":{"background-color":"","background-image":"","background-repeat":"repeat","background-position":"center center","background-size":"auto","background-attachment":"scroll","background-type":"","background-media":"","overlay-type":"","overlay-color":"","overlay-opacity":"","overlay-gradient":""},"mobile":{"background-color":"","background-image":"","background-repeat":"repeat","background-position":"center center","background-size":"auto","background-attachment":"scroll","background-type":"","background-media":"","overlay-type":"","overlay-color":"","overlay-opacity":"","overlay-gradient":""}},"ast-content-background-meta":{"desktop":{"background-color":"var(--ast-global-color-5)","background-image":"","background-repeat":"repeat","background-position":"center center","background-size":"auto","background-attachment":"scroll","background-type":"","background-media":"","overlay-type":"","overlay-color":"","overlay-opacity":"","overlay-gradient":""},"tablet":{"background-color":"var(--ast-global-color-5)","background-image":"","background-repeat":"repeat","background-position":"center center","background-size":"auto","background-attachment":"scroll","background-type":"","background-media":"","overlay-type":"","overlay-color":"","overlay-opacity":"","overlay-gradient":""},"mobile":{"background-color":"var(--ast-global-color-5)","background-image":"","background-repeat":"repeat","background-position":"center center","background-size":"auto","background-attachment":"scroll","background-type":"","background-media":"","overlay-type":"","overlay-color":"","overlay-opacity":"","overlay-gradient":""}},"footnotes":""},"categories":[4,7],"tags":[],"class_list":["post-1316","post","type-post","status-publish","format-standard","has-post-thumbnail","hentry","category-internacional","category-opinion"],"aioseo_notices":[],"views":62,"_links":{"self":[{"href":"https:\/\/vidapublicarevista.com\/index.php\/wp-json\/wp\/v2\/posts\/1316","targetHints":{"allow":["GET"]}}],"collection":[{"href":"https:\/\/vidapublicarevista.com\/index.php\/wp-json\/wp\/v2\/posts"}],"about":[{"href":"https:\/\/vidapublicarevista.com\/index.php\/wp-json\/wp\/v2\/types\/post"}],"author":[{"embeddable":true,"href":"https:\/\/vidapublicarevista.com\/index.php\/wp-json\/wp\/v2\/users\/9"}],"replies":[{"embeddable":true,"href":"https:\/\/vidapublicarevista.com\/index.php\/wp-json\/wp\/v2\/comments?post=1316"}],"version-history":[{"count":4,"href":"https:\/\/vidapublicarevista.com\/index.php\/wp-json\/wp\/v2\/posts\/1316\/revisions"}],"predecessor-version":[{"id":1326,"href":"https:\/\/vidapublicarevista.com\/index.php\/wp-json\/wp\/v2\/posts\/1316\/revisions\/1326"}],"wp:featuredmedia":[{"embeddable":true,"href":"https:\/\/vidapublicarevista.com\/index.php\/wp-json\/wp\/v2\/media\/1317"}],"wp:attachment":[{"href":"https:\/\/vidapublicarevista.com\/index.php\/wp-json\/wp\/v2\/media?parent=1316"}],"wp:term":[{"taxonomy":"category","embeddable":true,"href":"https:\/\/vidapublicarevista.com\/index.php\/wp-json\/wp\/v2\/categories?post=1316"},{"taxonomy":"post_tag","embeddable":true,"href":"https:\/\/vidapublicarevista.com\/index.php\/wp-json\/wp\/v2\/tags?post=1316"}],"curies":[{"name":"wp","href":"https:\/\/api.w.org\/{rel}","templated":true}]}}