{"id":1176,"date":"2023-08-11T00:50:36","date_gmt":"2023-08-11T00:50:36","guid":{"rendered":"https:\/\/vidapublicarevista.com\/?p=1176"},"modified":"2023-08-11T00:51:59","modified_gmt":"2023-08-11T00:51:59","slug":"como-van-las-preprecampanas","status":"publish","type":"post","link":"https:\/\/vidapublicarevista.com\/index.php\/2023\/08\/11\/como-van-las-preprecampanas\/","title":{"rendered":"\u00bfC\u00f3mo van las (pre)precampa\u00f1as?"},"content":{"rendered":"\n<p>La carrera presidencial, hoy en d\u00eda, parece ser m\u00e1s un marat\u00f3n. A\u00fan falta un largo a\u00f1o para la renovaci\u00f3n del Ejecutivo Federal, pero ya estamos, oficialmente, en las <em>(pre)precampa\u00f1as. <\/em>Entonces, \u00bfc\u00f3mo van las precandidaturas?<\/p>\n\n\n\n<p>La precandidatura del oficialismo sigue siendo las m\u00e1s medi\u00e1tica del panorama pol\u00edtico nacional. Los seis aspirantes que buscan el respaldo del presidente AMLO y de la militancia morenista han intensificado sus actividades \u201cpartidistas\u201d.&nbsp;<\/p>\n\n\n\n<p>Por un lado, Marcelo Ebrard y Claudia Sheinbaum se siguen perfilando como los favoritos para encabezar el proyecto de la Cuarta Transformaci\u00f3n.&nbsp;<\/p>\n\n\n\n<p>Ebrard ha apostado por empezar a ilustrar c\u00f3mo ser\u00eda su gobierno. Adem\u00e1s del controvertido plan \u201cA.N.G.E.L\u201d, recientemente anunci\u00f3 que dar\u00eda a conocer un plan de salud con telemedicina y vacunas hechas en M\u00e9xico, adem\u00e1s de un programa llamado \u201cPasaporte Violeta\u201d para apoyar econ\u00f3micamente a las mujeres. Las encuestas de finales de julio de Enkoll y El Financiero lo colocan en segundo lugar y con 21 puntos de preferencia.<\/p>\n\n\n\n<p>Sheinbaum, por su parte, ha defendido los logros de su gesti\u00f3n al frente de la CDMX, como la reducci\u00f3n de la inseguridad. Sin embargo, tambi\u00e9n se ha subido al ring, pues ha intercambiado comentarios con Ebrard sobre la estrategia de seguridad, cuando este era jefe de gobierno, lo que pone en evidencia la rivalidad entre ellos. <\/p>\n\n\n\n<p>El tema m\u00e1s relevante en su agenda fue la detenci\u00f3n de Uriel Carmona, fiscal general de Morelos. Los n\u00fameros la siguen favoreciendo, pues Enkoll y El Financiero le dan 35 y 28 puntos, respectivamente.&nbsp;<\/p>\n\n\n\n<p>Detr\u00e1s de ellos, pero no tan cerca, est\u00e1n Ad\u00e1n Augusto L\u00f3pez y Gerardo Fern\u00e1ndez Noro\u00f1a. L\u00f3pez ha continuado recordando al fallecido Daniel Flores, su operador pol\u00edtico, y ha defendido la educaci\u00f3n del presidente AMLO frente a las cr\u00edticas del Poder Judicial. <\/p>\n\n\n\n<p>Noro\u00f1a, en cambio, ha generado reacciones negativas al criticar las medidas sanitarias de la UNAM por covid, arremeter contra los opositores a los libros de texto gratuitos y reconocer que no sabe el costo de la canasta b\u00e1sica ni el precio del metro; dijo que la austeridad es para las pol\u00edticas p\u00fablicas, no para las personas.<\/p>\n\n\n\n<p>Finalmente, Ricardo Monreal y Manuel Velasco se est\u00e1n quedado atr\u00e1s en el marat\u00f3n de las corcholatas. Monreal ha llamado a la moderaci\u00f3n en los gastos de campa\u00f1a a otros aspirantes y ha destacado la unidad como fortaleza de Morena. <\/p>\n\n\n\n<p>Sin embargo, su \u2018monreality\u2019 show no ha cuajado y, a la fecha, poco se habla de \u00e9l.\u00a0 Por su parte, Velasco ha reconocido la contribuci\u00f3n de los mexicanos migrantes en EU y ha pedido dejar la polarizaci\u00f3n y enfocarse en la 4T. No le ha ayudado tanto Anah\u00ed.<\/p>\n\n\n\n<p>En cuanto a la oposici\u00f3n, tres de los cuatro aspirantes que buscan la candidatura del PAN-PRI-PRD han tenido menos presencia medi\u00e1tica que los morenistas, pero tambi\u00e9n han realizado actividades proselitistas y han criticado al gobierno.&nbsp;<\/p>\n\n\n\n<p>Sin embargo, X\u00f3chitl G\u00e1lvez ha arrebatado la agenda p\u00fablica estas \u00faltimas tres semanas: desde acudir en bicicleta a la fiscal\u00eda general de la Rep\u00fablica para pedir informaci\u00f3n sobre una supuesta investigaci\u00f3n en su contra; obtener sentencias a su favor que declararon la violencia pol\u00edtica en raz\u00f3n de g\u00e9nero, por parte de AMLO; incluso, anunciar que podr\u00eda retomar estrategias de seguridad de Calder\u00f3n. Tiene 3 semanas en la palestra de la ma\u00f1anera y es quien m\u00e1s eco ha generado desafiando al poder en turno.<\/p>\n\n\n\n<p>El Financiero y Enkoll la colocan a la cabeza del FAxM, con 23 y 16 puntos. Recolect\u00f3 m\u00e1s de 500,000 firmas, por lo que es la (pre)precandidata m\u00e1s adelantada del Frente Amplio.<\/p>\n\n\n\n<p>Santiago Creel ha anunciado con Ignacio Mier la convocatoria para lineamientos de la Presidencia de la C\u00e1mara de Diputados y ha criticado los contenidos de los nuevos libros de texto. Ya obtuvo las firmas necesarias para aspirar a la segunda ronda del proceso del FAxM. El Financiero lo coloca en segundo lugar con 16 puntos, mientras que Enkoll lo relega a un cuarto lugar, por detr\u00e1s de Mancera y Beatriz Paredes, con tan solo 9 puntos.<\/p>\n\n\n\n<p>Beatriz Paredes ha logrado superar las 400 mil firmas para la candidatura y se ha reunido con j\u00f3venes en Monterrey; tambi\u00e9n vino a Sinaloa. El Financiero la coloca en \u00faltimo lugar entre los virtuales representantes del Frente Amplio, con s\u00f3lo 8 puntos. <\/p>\n\n\n\n<p>Enrique de la Madrid ha tenido poca cobertura medi\u00e1tica a pesar de pasar a segunda etapa del proceso, al haber obtenido las firmas necesarias. <\/p>\n\n\n\n<p>El Financiero lo coloca como la tercera opci\u00f3n, con 13 puntos, por debajo de la \u201cSe\u00f1ora X\u201d y el \u201cSe\u00f1or Constituci\u00f3n\u201d.<\/p>\n\n\n\n<p><strong>Postdata: <\/strong>ayer se dio a conocer que s\u00f3lo 4 suspirantes del Frente Amplio por M\u00e9xico pasaron a la siguiente ronda del proceso partidista. Imagina bien usted: X\u00f3chitl, Santiago, Enrique y Beatriz avanzan a la siguiente ronda. Las molestias no se hicieron esperar; Silvano Aureoles ya reneg\u00f3 p\u00fablicamente y Miguel \u00c1ngel Mancera tambi\u00e9n\u2026 \u00bfser\u00e1n balas de salva las de los perredistas?<\/p>\n","protected":false},"excerpt":{"rendered":"<p>La precandidatura del oficialismo sigue siendo la m\u00e1s medi\u00e1tica del panorama pol\u00edtico nacional.<\/p>\n","protected":false},"author":10,"featured_media":1177,"comment_status":"open","ping_status":"open","sticky":false,"template":"","format":"standard","meta":{"om_disable_all_campaigns":false,"_monsterinsights_skip_tracking":false,"_monsterinsights_sitenote_active":false,"_monsterinsights_sitenote_note":"","_monsterinsights_sitenote_category":0,"_uf_show_specific_survey":0,"_uf_disable_surveys":false,"site-sidebar-layout":"default","site-content-layout":"","ast-site-content-layout":"","site-content-style":"default","site-sidebar-style":"default","ast-global-header-display":"","ast-banner-title-visibility":"","ast-main-header-display":"","ast-hfb-above-header-display":"","ast-hfb-below-header-display":"","ast-hfb-mobile-header-display":"","site-post-title":"","ast-breadcrumbs-content":"","ast-featured-img":"","footer-sml-layout":"","theme-transparent-header-meta":"","adv-header-id-meta":"","stick-header-meta":"","header-above-stick-meta":"","header-main-stick-meta":"","header-below-stick-meta":"","astra-migrate-meta-layouts":"default","ast-page-background-enabled":"default","ast-page-background-meta":{"desktop":{"background-color":"var(--ast-global-color-4)","background-image":"","background-repeat":"repeat","background-position":"center center","background-size":"auto","background-attachment":"scroll","background-type":"","background-media":"","overlay-type":"","overlay-color":"","overlay-opacity":"","overlay-gradient":""},"tablet":{"background-color":"","background-image":"","background-repeat":"repeat","background-position":"center center","background-size":"auto","background-attachment":"scroll","background-type":"","background-media":"","overlay-type":"","overlay-color":"","overlay-opacity":"","overlay-gradient":""},"mobile":{"background-color":"","background-image":"","background-repeat":"repeat","background-position":"center center","background-size":"auto","background-attachment":"scroll","background-type":"","background-media":"","overlay-type":"","overlay-color":"","overlay-opacity":"","overlay-gradient":""}},"ast-content-background-meta":{"desktop":{"background-color":"var(--ast-global-color-5)","background-image":"","background-repeat":"repeat","background-position":"center center","background-size":"auto","background-attachment":"scroll","background-type":"","background-media":"","overlay-type":"","overlay-color":"","overlay-opacity":"","overlay-gradient":""},"tablet":{"background-color":"var(--ast-global-color-5)","background-image":"","background-repeat":"repeat","background-position":"center center","background-size":"auto","background-attachment":"scroll","background-type":"","background-media":"","overlay-type":"","overlay-color":"","overlay-opacity":"","overlay-gradient":""},"mobile":{"background-color":"var(--ast-global-color-5)","background-image":"","background-repeat":"repeat","background-position":"center center","background-size":"auto","background-attachment":"scroll","background-type":"","background-media":"","overlay-type":"","overlay-color":"","overlay-opacity":"","overlay-gradient":""}},"footnotes":""},"categories":[2,7],"tags":[],"class_list":["post-1176","post","type-post","status-publish","format-standard","has-post-thumbnail","hentry","category-nacional","category-opinion"],"aioseo_notices":[],"views":11,"_links":{"self":[{"href":"https:\/\/vidapublicarevista.com\/index.php\/wp-json\/wp\/v2\/posts\/1176","targetHints":{"allow":["GET"]}}],"collection":[{"href":"https:\/\/vidapublicarevista.com\/index.php\/wp-json\/wp\/v2\/posts"}],"about":[{"href":"https:\/\/vidapublicarevista.com\/index.php\/wp-json\/wp\/v2\/types\/post"}],"author":[{"embeddable":true,"href":"https:\/\/vidapublicarevista.com\/index.php\/wp-json\/wp\/v2\/users\/10"}],"replies":[{"embeddable":true,"href":"https:\/\/vidapublicarevista.com\/index.php\/wp-json\/wp\/v2\/comments?post=1176"}],"version-history":[{"count":2,"href":"https:\/\/vidapublicarevista.com\/index.php\/wp-json\/wp\/v2\/posts\/1176\/revisions"}],"predecessor-version":[{"id":1179,"href":"https:\/\/vidapublicarevista.com\/index.php\/wp-json\/wp\/v2\/posts\/1176\/revisions\/1179"}],"wp:featuredmedia":[{"embeddable":true,"href":"https:\/\/vidapublicarevista.com\/index.php\/wp-json\/wp\/v2\/media\/1177"}],"wp:attachment":[{"href":"https:\/\/vidapublicarevista.com\/index.php\/wp-json\/wp\/v2\/media?parent=1176"}],"wp:term":[{"taxonomy":"category","embeddable":true,"href":"https:\/\/vidapublicarevista.com\/index.php\/wp-json\/wp\/v2\/categories?post=1176"},{"taxonomy":"post_tag","embeddable":true,"href":"https:\/\/vidapublicarevista.com\/index.php\/wp-json\/wp\/v2\/tags?post=1176"}],"curies":[{"name":"wp","href":"https:\/\/api.w.org\/{rel}","templated":true}]}}