{"id":1168,"date":"2023-08-11T00:07:01","date_gmt":"2023-08-11T00:07:01","guid":{"rendered":"https:\/\/vidapublicarevista.com\/?p=1168"},"modified":"2023-08-11T00:08:30","modified_gmt":"2023-08-11T00:08:30","slug":"capsula-para-mascar-no-44","status":"publish","type":"post","link":"https:\/\/vidapublicarevista.com\/index.php\/2023\/08\/11\/capsula-para-mascar-no-44\/","title":{"rendered":"Capsula para mascar No. 44"},"content":{"rendered":"\n<p>El General Salvador Alvarado Rubio, Culiac\u00e1n 1880 \u2013 El paso del hormiguero Chiapas 1924-, desarroll\u00f3 y transform\u00f3 el ideario de la revoluci\u00f3n mexicana y lo llev\u00f3 a la pr\u00e1ctica en beneficio del pueblo de M\u00e9xico.<\/p>\n\n\n\n<p>En el a\u00f1o de 1906 ingres\u00f3 al Partido Liberal Mexicano y difundi\u00f3 el ideario de Ricardo Flores Mag\u00f3n. Al estallar la rebeli\u00f3n en contra de Porfirio D\u00edaz el 20 de noviembre de 1910, Salvador Alvarado dej\u00f3 un negocio que atend\u00eda en Cananea para unirse al llamado de Francisco I. Madero, siendo\u00a0 admitido con el grado de Capit\u00e1n primero, nombramiento otorgado por don Francisco I. Madero. <\/p>\n\n\n\n<p>El 14 de febrero de aquel a\u00f1o, empezaron los encuentros b\u00e9licos con un intenso recorrido por\u00a0 pueblos, campos y ciudades, logrando avances contundentes porque la gente los apoy\u00f3.<\/p>\n\n\n\n<p>El 10 de mayo de 1911 tomaron ciudad Ju\u00e1rez. Salvador Alvarado es ascendido a Mayor. El 26 de mayo don Porfirio se declara derrotado. Triunfa la revoluci\u00f3n; Alvarado recibe el cargo&nbsp; de comandante del Cuerpo Auxiliar Federal, y es enviado a pacificar Sonora. En 1912 el General Pascual Orozco se rebela, el Mayor y su batall\u00f3n lo derrotan en la hacienda de Ojitos.<\/p>\n\n\n\n<p>En el a\u00f1o de 1913, cuando es asesinado el Presidente Francisco I. Madero por\u00a0el traidor Victoriano Huerta, el Mayor Salvador Alvarado se une al movimiento para enfrentar al chacal. En reconocimiento a su lealtad y valor, el gobernador por Sonora Ignacio Pesqueira le confiere el grado de Coronel y lo nombra Jefe de Operaciones. <\/p>\n\n\n\n<p>El 20 de mayo de 1913, el entonces Presidente de M\u00e9xico, don Venustiano Carranza, lo asciende a General de brigada.\u00a0<\/p>\n\n\n\n<p>El 18 de enero de 1915, el Presidente Carranza comisiona al General Salvador Alvarado Rubio para que tome el mando del Ej\u00e9rcito del Sureste y ejerza presencia en los Estados de Tabasco, Campeche, Chiapas, Yucat\u00e1n y el territorio de Quintana Roo. Por sus buenos logros y avances, es ascendido&nbsp;a General de Divisi\u00f3n. <\/p>\n\n\n\n<p>Llega a Yucat\u00e1n para poner orden y hacer justicia para los abor\u00edgenes que son abusados por los oligarcas motejados como <em>La casta divina,<\/em> ya que en su mayor\u00eda eran extranjeros: espa\u00f1oles, franceses e italianos, dominaban y explotaban muy a su favor la principal fuente de riqueza de la regi\u00f3n: el henequ\u00e9n.&nbsp;<\/p>\n\n\n\n<p>Al llegar el General Salvador Alvarado Rubio a<em> <\/em>Yucat\u00e1n, se impresion\u00f3 por lo que vio, y expres\u00f3:<\/p>\n\n\n\n<p><em>Encontr\u00e9 a Yucat\u00e1n en plena<\/em> <em>servidumbre, miles de desgraciados, por culpa de instituciones tradicionales y de vicios sociales, tan fuertemente enraizados que parec\u00edan indestructibles, languidec\u00edan de generaci\u00f3n en generaci\u00f3n con la vida vendida a los \u201camos\u201d; con los m\u00fasculos relajados de enriquecer a la casta de los se\u00f1ores con el alma y la conciencia sujetas al hierro invisible de una amarga esclavitud en la cual hab\u00edan aprendido de padres a hijos, que no pod\u00edan tener otro sue\u00f1o de alegr\u00eda que el alcohol, ni otra esperanza de liberaci\u00f3n que la muerte\u2026<\/em>&nbsp;<\/p>\n\n\n\n<p>Tan pronto se instal\u00f3 en la bella ciudad blanca, el General Alvarado&nbsp;se dedic\u00f3 a transformar la vida social de Yucat\u00e1n, comenz\u00f3 a dictar leyes y disposiciones para acabar con las antiguos enraizados vicios, y lleg\u00f3 a publicar cerca de mil leyes y reglamentos; esto dio ocasi\u00f3n a que se haya juzgado como exagerada la actividad legislativa del General Alvarado; es posible que as\u00ed haya sido, pero cuando vemos que ah\u00ed la vida se hab\u00eda estancado, y que quiz\u00e1s el General comprend\u00eda que era necesario obrar con rapidez ya que lo avanzado de sus disposiciones y lo radical de sus leyes, pod\u00eda encontrar resistencias, no tan s\u00f3lo en la pen\u00ednsula sino incluso en el gobierno del centro del pa\u00eds, y podr\u00edan impedir o retardar la transformaci\u00f3n social de la regi\u00f3n. <\/p>\n\n\n\n<p>Aunado a eso, el General Alvarado sab\u00eda que la reacci\u00f3n no descansaba y que utilizar\u00edan todos los medios econ\u00f3micos, sociales y espirituales para detener su obra; como sucedi\u00f3. <\/p>\n\n\n\n<p>Por eso entendemos el af\u00e1n, la impaciencia de este hombre para terminar con una situaci\u00f3n insufrible. La causa fundamental, el motor que mov\u00eda y alimentaba esta situaci\u00f3n, era como siempre ha sido: el dinero.<\/p>\n\n\n\n<p>Fueron muchos los avances que logr\u00f3 el General Salvador Alvarado Rubio, se adelant\u00f3 a su tiempo al crear un Estado con ideas socialistas. Instalar la primera Casa del Obrero Mundial, realizar la primera convenci\u00f3n feminista, y sobre todo, terminar con la infame esclavitud de los campesinos a los que dot\u00f3 de tierras y enseres para que trabajaran; redujo los horarios de doce y hasta 16 horas de trabajo y logr\u00f3 mejores salarios y prestaciones.<\/p>\n\n\n\n<p>Pero en el mundo de la pol\u00edtica suelen infiltrarse maleantes y traicioneros. Un cercano militar de sus confianzas, se vendi\u00f3 a los intereses del General \u00c1lvaro Obreg\u00f3n. Sorprendi\u00f3 al General Salvador Alvarado Rubio, le dio de balazos mientras le gritaba<em>: \u00a1Viva el General \u00c1lvaro Obreg\u00f3n!<\/em> Esto fue en un lugar llamado El paso del hormiguero en Chiapas, el d\u00eda 9 de junio de 1924<\/p>\n\n\n\n<p>En M\u00e9rida declararon al General Salvador Alvarado Rubio: Benem\u00e9rito del Estado de Yucat\u00e1n, y su nombre fue inscrito con letras de oro en el sal\u00f3n de sesiones del congreso del Estado, perpetuando as\u00ed la memoria de quien demostr\u00f3 ser un soldado de la patria; destacado guerrero militar y estadista. <\/p>\n\n\n\n<p>En Sinaloa la LIII Legislatura le rinde tributo de igual forma, es decir, tambi\u00e9n inscriben su nombre con letras de oro en el palacio legislativo, y un municipio lleva su nombre.\u00a0<\/p>\n\n\n\n<p>Es importante considerar que habiendo sido presidente de M\u00e9xico \u00c1lvaro Obreg\u00f3n, su val\u00eda como tal se disminuye porque bien sabido es, que por su ambici\u00f3n de poder y fortuna fue desleal y traidor, al grado de ordenar la muerte de algunos de sus adversarios, entre ellos, a tres destacados militares sinaloenses que tuvieron la desgracia de contender contra \u00e9l como aspirantes a la presidencia de la Rep\u00fablica. <\/p>\n\n\n\n<p>Los inmolados fueron: el General \u00c1ngel Flores, el General Francisco Serrano, a este lo masacraron acompa\u00f1ado por m\u00e1s de 30 simpatizantes&nbsp; periodistas. Y al General Salvador Alvarado Rubio al que traicion\u00f3 en dos ocasiones y finalmente lo embosc\u00f3 cobardemente en el lugar antes se\u00f1alado.<\/p>\n\n\n\n<p>Porque somos miles los que aclamamos justicia, solicitamos se considere, tanto por autoridades como por instancias y grupos sociales, se demande desaparecer el nombre de \u00c1lvaro Obreg\u00f3n de la avenida m\u00e1s importante de nuestra ciudad capital, Culiac\u00e1n, y en su lugar se coloque la de nuestro bien amado y reconocido h\u00e9roe; hemos de&nbsp; presumir y hacer justicia al que un 16 de septiembre de 1880 naci\u00f3 en el barrio de El Coloso de nuestra ciudad, para gloria y honor de nuestro Sinaloa y M\u00e9xico, ese fue: El General Salvador Alvarado Rubio.&nbsp;&nbsp;<\/p>\n","protected":false},"excerpt":{"rendered":"<p>Fueron muchos los avances que logr\u00f3 el General Salvador Alvarado Rubio ya que se adelant\u00f3 a su tiempo al crear un Estado con ideas socialistas.<\/p>\n","protected":false},"author":5,"featured_media":1169,"comment_status":"open","ping_status":"open","sticky":false,"template":"","format":"standard","meta":{"om_disable_all_campaigns":false,"_monsterinsights_skip_tracking":false,"_monsterinsights_sitenote_active":false,"_monsterinsights_sitenote_note":"","_monsterinsights_sitenote_category":0,"_uf_show_specific_survey":0,"_uf_disable_surveys":false,"site-sidebar-layout":"default","site-content-layout":"","ast-site-content-layout":"","site-content-style":"default","site-sidebar-style":"default","ast-global-header-display":"","ast-banner-title-visibility":"","ast-main-header-display":"","ast-hfb-above-header-display":"","ast-hfb-below-header-display":"","ast-hfb-mobile-header-display":"","site-post-title":"","ast-breadcrumbs-content":"","ast-featured-img":"","footer-sml-layout":"","theme-transparent-header-meta":"","adv-header-id-meta":"","stick-header-meta":"","header-above-stick-meta":"","header-main-stick-meta":"","header-below-stick-meta":"","astra-migrate-meta-layouts":"default","ast-page-background-enabled":"default","ast-page-background-meta":{"desktop":{"background-color":"var(--ast-global-color-4)","background-image":"","background-repeat":"repeat","background-position":"center center","background-size":"auto","background-attachment":"scroll","background-type":"","background-media":"","overlay-type":"","overlay-color":"","overlay-opacity":"","overlay-gradient":""},"tablet":{"background-color":"","background-image":"","background-repeat":"repeat","background-position":"center center","background-size":"auto","background-attachment":"scroll","background-type":"","background-media":"","overlay-type":"","overlay-color":"","overlay-opacity":"","overlay-gradient":""},"mobile":{"background-color":"","background-image":"","background-repeat":"repeat","background-position":"center center","background-size":"auto","background-attachment":"scroll","background-type":"","background-media":"","overlay-type":"","overlay-color":"","overlay-opacity":"","overlay-gradient":""}},"ast-content-background-meta":{"desktop":{"background-color":"var(--ast-global-color-5)","background-image":"","background-repeat":"repeat","background-position":"center center","background-size":"auto","background-attachment":"scroll","background-type":"","background-media":"","overlay-type":"","overlay-color":"","overlay-opacity":"","overlay-gradient":""},"tablet":{"background-color":"var(--ast-global-color-5)","background-image":"","background-repeat":"repeat","background-position":"center center","background-size":"auto","background-attachment":"scroll","background-type":"","background-media":"","overlay-type":"","overlay-color":"","overlay-opacity":"","overlay-gradient":""},"mobile":{"background-color":"var(--ast-global-color-5)","background-image":"","background-repeat":"repeat","background-position":"center center","background-size":"auto","background-attachment":"scroll","background-type":"","background-media":"","overlay-type":"","overlay-color":"","overlay-opacity":"","overlay-gradient":""}},"footnotes":""},"categories":[2,7],"tags":[],"class_list":["post-1168","post","type-post","status-publish","format-standard","has-post-thumbnail","hentry","category-nacional","category-opinion"],"aioseo_notices":[],"views":34,"_links":{"self":[{"href":"https:\/\/vidapublicarevista.com\/index.php\/wp-json\/wp\/v2\/posts\/1168","targetHints":{"allow":["GET"]}}],"collection":[{"href":"https:\/\/vidapublicarevista.com\/index.php\/wp-json\/wp\/v2\/posts"}],"about":[{"href":"https:\/\/vidapublicarevista.com\/index.php\/wp-json\/wp\/v2\/types\/post"}],"author":[{"embeddable":true,"href":"https:\/\/vidapublicarevista.com\/index.php\/wp-json\/wp\/v2\/users\/5"}],"replies":[{"embeddable":true,"href":"https:\/\/vidapublicarevista.com\/index.php\/wp-json\/wp\/v2\/comments?post=1168"}],"version-history":[{"count":2,"href":"https:\/\/vidapublicarevista.com\/index.php\/wp-json\/wp\/v2\/posts\/1168\/revisions"}],"predecessor-version":[{"id":1171,"href":"https:\/\/vidapublicarevista.com\/index.php\/wp-json\/wp\/v2\/posts\/1168\/revisions\/1171"}],"wp:featuredmedia":[{"embeddable":true,"href":"https:\/\/vidapublicarevista.com\/index.php\/wp-json\/wp\/v2\/media\/1169"}],"wp:attachment":[{"href":"https:\/\/vidapublicarevista.com\/index.php\/wp-json\/wp\/v2\/media?parent=1168"}],"wp:term":[{"taxonomy":"category","embeddable":true,"href":"https:\/\/vidapublicarevista.com\/index.php\/wp-json\/wp\/v2\/categories?post=1168"},{"taxonomy":"post_tag","embeddable":true,"href":"https:\/\/vidapublicarevista.com\/index.php\/wp-json\/wp\/v2\/tags?post=1168"}],"curies":[{"name":"wp","href":"https:\/\/api.w.org\/{rel}","templated":true}]}}